{"id":69231,"date":"2025-07-10T12:35:21","date_gmt":"2025-07-10T18:35:21","guid":{"rendered":"https:\/\/encuentroinformativo.com.mx\/?p=69231"},"modified":"2025-07-10T12:35:21","modified_gmt":"2025-07-10T18:35:21","slug":"integrantes-de-amotac-denuncian-extorsiones-en-carreteras-veracruzanas","status":"publish","type":"post","link":"https:\/\/encuentroinformativo.com.mx\/?p=69231","title":{"rendered":"Integrantes de AMOTAC denuncian extorsiones en carreteras veracruzanas"},"content":{"rendered":"<p><strong>Dar\u00edo Pale<\/strong><\/p>\n<p>Xalapa, Ver.- Denuncian extorsiones hacia agremiados por parte de elementos de Tr\u00e1nsito, pero tambi\u00e9n casos generados por parte de la delincuencia organizada, as\u00ed lo dio a conocer Andy Rossini Mart\u00ednez, delegado en Puebla de la Alianza Mexicana de Organizaciones Transportistas (AMOTAC).<\/p>\n<p>Puso como ejemplo los municipios de Tuxpan, C\u00f3rdoba, Ixtaczoquitl\u00e1n, pero hay otras regiones donde tambi\u00e9n se presenta esta situaci\u00f3n.<\/p>\n<p>&#8220;El transporte de carga es el m\u00e1s afectado, todo lo que se carga, sin importar que sea una camioneta o un tr\u00e1iler&#8221;, se\u00f1al\u00f3.<\/p>\n<p>Tras sostener un encuentro con el secretario de Seguridad P\u00fablica del Estado de Veracruz, Alfonso Reyes Garc\u00e9s, indic\u00f3 que se plantearon diferentes peticiones.<\/p>\n<p>Otro rubro que se abord\u00f3 es el tema de la seguridad que les afecta, por lo que pidieron que los tres \u00f3rdenes de gobierno se coordinen, incluso, entre estados como Puebla.<\/p>\n<p>&#8220;La mayor parte de las zonas fronterizas generan una problem\u00e1tica con el tema de la delincuencia organizada y los transportistas&#8221;, coment\u00f3.<\/p>\n<p>Puso como ejemplo los tramos carreteros de Puebla-Perote, as\u00ed como el de Esperanza-Orizaba. Incluso la zona de Maltrata.<\/p>\n<p>De manera que se\u00f1al\u00f3 que los gobiernos de Puebla y de Veracruz no est\u00e1n haciendo lo necesario para atender la problem\u00e1tica.<\/p>\n<p>&#8220;Ellos como autoridades gubernamentales y aparte la Federaci\u00f3n se deben poner de acuerdo para actuar en esas zonas que ya son foco rojo&#8221;, acus\u00f3.<\/p>\n<p>Con respecto a las tarifas de taxi, coment\u00f3 que se pidieron hacer estudios para establecer tarifas que no afecten ni a los concesionarios ni a los usuarios.<\/p>\n","protected":false},"excerpt":{"rendered":"<p>Dar\u00edo Pale Xalapa, Ver.- Denuncian extorsiones hacia agremiados por parte de elementos de Tr\u00e1nsito, pero tambi\u00e9n casos generados por parte de la delincuencia organizada, as\u00ed lo dio a conocer Andy Rossini Mart\u00ednez, delegado en Puebla de la Alianza Mexicana de Organizaciones Transportistas (AMOTAC). Puso como ejemplo los municipios de Tuxpan, C\u00f3rdoba, Ixtaczoquitl\u00e1n, pero hay otras [&hellip;]<\/p>\n","protected":false},"author":2476,"featured_media":69232,"comment_status":"open","ping_status":"open","sticky":false,"template":"","format":"standard","meta":{"_jetpack_memberships_contains_paid_content":false,"footnotes":""},"categories":[2],"tags":[],"class_list":["post-69231","post","type-post","status-publish","format-standard","has-post-thumbnail","hentry","category-estado"],"jetpack_featured_media_url":"https:\/\/encuentroinformativo.com.mx\/wp-content\/uploads\/2025\/07\/IMG-20250710-WA0086.jpg","jetpack_sharing_enabled":true,"jetpack_likes_enabled":true,"amp_enabled":true,"_links":{"self":[{"href":"https:\/\/encuentroinformativo.com.mx\/index.php?rest_route=\/wp\/v2\/posts\/69231","targetHints":{"allow":["GET"]}}],"collection":[{"href":"https:\/\/encuentroinformativo.com.mx\/index.php?rest_route=\/wp\/v2\/posts"}],"about":[{"href":"https:\/\/encuentroinformativo.com.mx\/index.php?rest_route=\/wp\/v2\/types\/post"}],"author":[{"embeddable":true,"href":"https:\/\/encuentroinformativo.com.mx\/index.php?rest_route=\/wp\/v2\/users\/2476"}],"replies":[{"embeddable":true,"href":"https:\/\/encuentroinformativo.com.mx\/index.php?rest_route=%2Fwp%2Fv2%2Fcomments&post=69231"}],"version-history":[{"count":1,"href":"https:\/\/encuentroinformativo.com.mx\/index.php?rest_route=\/wp\/v2\/posts\/69231\/revisions"}],"predecessor-version":[{"id":69233,"href":"https:\/\/encuentroinformativo.com.mx\/index.php?rest_route=\/wp\/v2\/posts\/69231\/revisions\/69233"}],"wp:featuredmedia":[{"embeddable":true,"href":"https:\/\/encuentroinformativo.com.mx\/index.php?rest_route=\/wp\/v2\/media\/69232"}],"wp:attachment":[{"href":"https:\/\/encuentroinformativo.com.mx\/index.php?rest_route=%2Fwp%2Fv2%2Fmedia&parent=69231"}],"wp:term":[{"taxonomy":"category","embeddable":true,"href":"https:\/\/encuentroinformativo.com.mx\/index.php?rest_route=%2Fwp%2Fv2%2Fcategories&post=69231"},{"taxonomy":"post_tag","embeddable":true,"href":"https:\/\/encuentroinformativo.com.mx\/index.php?rest_route=%2Fwp%2Fv2%2Ftags&post=69231"}],"curies":[{"name":"wp","href":"https:\/\/api.w.org\/{rel}","templated":true}]}}