{"id":69247,"date":"2025-07-10T19:19:12","date_gmt":"2025-07-11T01:19:12","guid":{"rendered":"https:\/\/encuentroinformativo.com.mx\/?p=69247"},"modified":"2025-07-10T19:19:12","modified_gmt":"2025-07-11T01:19:12","slug":"se-reforzaran-acciones-contra-el-gusano-barrenador-gobernadora","status":"publish","type":"post","link":"https:\/\/encuentroinformativo.com.mx\/?p=69247","title":{"rendered":"Se reforzar\u00e1n acciones contra el gusano barrenador: Gobernadora"},"content":{"rendered":"<p><strong>Dar\u00edo Pale<\/strong><\/p>\n<p>Xalapa, Ver.- La gobernadora Norma Roc\u00edo Nahle Garc\u00eda dio a conocer que, debido al nuevo caso del gusano barrenador que se registr\u00f3 en el estado, inform\u00f3 que en su gobierno habr\u00e1 cerco &#8220;dur\u00edsimo&#8221; contra el gusano barrenador.<\/p>\n<p>Tras confirmarse un nuevo caso de gusano barrenador detectado en Veracruz; la gobernadora, defini\u00f3 que su gobierno se meter\u00e1 y har\u00e1 un cerco sanitario dur\u00edsimo, esto luego del anuncio de la secretaria de Agricultura de Estados Unidos, Brooke Rollins, de cerrar de inmediato la frontera con M\u00e9xico para el comercio de ganado vivo, bisontes y caballos.<\/p>\n<p>Durante el arranque del Plan para alimentar a la soberan\u00eda y la autosuficiencia alimentaria, en el municipio de Acayucan; la titular del Ejecutivo refrend\u00f3 el respaldo de su administraci\u00f3n a los productores.<\/p>\n<p>\u201cTrabajar d\u00eda a d\u00eda, yo qu\u00e9 les voy a decir a ustedes que son los que trabajan de sol a sombra en el campo, son los que verdaderamente est\u00e1n produciendo, los que esperan es esto, el apoyo. Ya despu\u00e9s de que platique con SENASICA voy a establecer una estrategia para esta zona nuevamente, las tres: la que entra por Jes\u00fas Carranza, la que entra por Las Choapas y, la que entra por el paralelo\u201d, se\u00f1al\u00f3.<\/p>\n<p>Este d\u00eda el gobierno de M\u00e9xico confirm\u00f3 un nuevo caso de gusano barrenador del ganado en el municipio de Ixhuatl\u00e1n de Madero, por lo que el gobierno de los Estados Unidos suspendi\u00f3 de manera inmediata el comercio de ganado, bisontes y caballos a trav\u00e9s de sus puertos fronterizos del sur, justificando su preocupaci\u00f3n por el control sanitario en M\u00e9xico.<\/p>\n<p>\u201cAyer se tuvo un anuncio de que se encontr\u00f3 un animal (infectado) ya en el centro de Veracruz, inmediatamente yo ma\u00f1ana tengo reuni\u00f3n con SENASICA y tenemos que hacer un cerco dur\u00edsimo y se va a meter el Estado\u201d, adelant\u00f3.<\/p>\n<p>Refiri\u00f3 que SENASICA es la entidad del gobierno Federal responsable de la sanidad animal y, aunque han estado apoyando desde su administraci\u00f3n, ahora se meter\u00e1 de manera m\u00e1s fuerte para cuidar el hato ganadero de Veracruz y M\u00e9xico.<\/p>\n<p>\u201cPorque tenemos que hacer un cerco para cuidar el hato ganadero de Veracruz y de M\u00e9xico, no nada m\u00e1s el de Veracruz. Ma\u00f1ana cit\u00e9 a SENASICA, vamos revisando \u00bfc\u00f3mo es que un animal surge en el centro de Veracruz?, un animal, \u00bfc\u00f3mo lleg\u00f3 all\u00e1?, \u00bfc\u00f3mo? y ah\u00ed me tienen que hacer la ruta y ver si estamos fallando nosotros o el animal entr\u00f3 por otro lado, lo que sea, pero es hacer el cerco y meternos en esto\u201d, asever\u00f3.<\/p>\n<p>Este d\u00eda la mandataria record\u00f3 que la presidenta Claudia Sheinbaum pidi\u00f3 el apoyo de todos los gobernadores y gobernadoras del pa\u00eds, pero sobre todo los del sureste para poder establecer un cerco sanitario contra el gusano barrenador que viene del ganado de Centroam\u00e9rica.<\/p>\n<p>Finalmente ante ello, la presidenta respondi\u00f3 que fue \u201cuna decisi\u00f3n totalmente exagerada\u201d.<\/p>\n","protected":false},"excerpt":{"rendered":"<p>Dar\u00edo Pale Xalapa, Ver.- La gobernadora Norma Roc\u00edo Nahle Garc\u00eda dio a conocer que, debido al nuevo caso del gusano barrenador que se registr\u00f3 en el estado, inform\u00f3 que en su gobierno habr\u00e1 cerco &#8220;dur\u00edsimo&#8221; contra el gusano barrenador. Tras confirmarse un nuevo caso de gusano barrenador detectado en Veracruz; la gobernadora, defini\u00f3 que su [&hellip;]<\/p>\n","protected":false},"author":2476,"featured_media":69248,"comment_status":"open","ping_status":"open","sticky":false,"template":"","format":"standard","meta":{"_jetpack_memberships_contains_paid_content":false,"footnotes":""},"categories":[2],"tags":[],"class_list":["post-69247","post","type-post","status-publish","format-standard","has-post-thumbnail","hentry","category-estado"],"jetpack_featured_media_url":"https:\/\/encuentroinformativo.com.mx\/wp-content\/uploads\/2025\/07\/IMG-20250710-WA01532.jpg","jetpack_sharing_enabled":true,"jetpack_likes_enabled":true,"amp_enabled":true,"_links":{"self":[{"href":"https:\/\/encuentroinformativo.com.mx\/index.php?rest_route=\/wp\/v2\/posts\/69247","targetHints":{"allow":["GET"]}}],"collection":[{"href":"https:\/\/encuentroinformativo.com.mx\/index.php?rest_route=\/wp\/v2\/posts"}],"about":[{"href":"https:\/\/encuentroinformativo.com.mx\/index.php?rest_route=\/wp\/v2\/types\/post"}],"author":[{"embeddable":true,"href":"https:\/\/encuentroinformativo.com.mx\/index.php?rest_route=\/wp\/v2\/users\/2476"}],"replies":[{"embeddable":true,"href":"https:\/\/encuentroinformativo.com.mx\/index.php?rest_route=%2Fwp%2Fv2%2Fcomments&post=69247"}],"version-history":[{"count":1,"href":"https:\/\/encuentroinformativo.com.mx\/index.php?rest_route=\/wp\/v2\/posts\/69247\/revisions"}],"predecessor-version":[{"id":69249,"href":"https:\/\/encuentroinformativo.com.mx\/index.php?rest_route=\/wp\/v2\/posts\/69247\/revisions\/69249"}],"wp:featuredmedia":[{"embeddable":true,"href":"https:\/\/encuentroinformativo.com.mx\/index.php?rest_route=\/wp\/v2\/media\/69248"}],"wp:attachment":[{"href":"https:\/\/encuentroinformativo.com.mx\/index.php?rest_route=%2Fwp%2Fv2%2Fmedia&parent=69247"}],"wp:term":[{"taxonomy":"category","embeddable":true,"href":"https:\/\/encuentroinformativo.com.mx\/index.php?rest_route=%2Fwp%2Fv2%2Fcategories&post=69247"},{"taxonomy":"post_tag","embeddable":true,"href":"https:\/\/encuentroinformativo.com.mx\/index.php?rest_route=%2Fwp%2Fv2%2Ftags&post=69247"}],"curies":[{"name":"wp","href":"https:\/\/api.w.org\/{rel}","templated":true}]}}