{"id":6925,"date":"2020-10-15T10:11:49","date_gmt":"2020-10-15T15:11:49","guid":{"rendered":"https:\/\/encuentroinformativo.com.mx\/?p=6925"},"modified":"2020-10-15T09:47:17","modified_gmt":"2020-10-15T14:47:17","slug":"charla-con-cuic","status":"publish","type":"post","link":"https:\/\/encuentroinformativo.com.mx\/?p=6925","title":{"rendered":"Charla con Cuic"},"content":{"rendered":"\n<p><strong>Los Pol\u00edticos<\/strong><\/p>\n\n\n\n<p><strong>Salvador Mu\u00f1oz<\/strong><\/p>\n\n\n\n<p>Hace unos d\u00edas recib\u00ed un mensaje de Megacable para atender una queja\u2026 \u00a1plop! Tiene casi tres a\u00f1os que cancel\u00e9 el servicio. Creo que la primera oraci\u00f3n explica en mucho las razones para contratar a Total Play.<\/p>\n\n\n\n<p>Esta an\u00e9cdota me record\u00f3 cuando hace precisamente cinco a\u00f1os, una amiga me preguntaba c\u00f3mo contactar a Cuitl\u00e1huac Garc\u00eda Jim\u00e9nez porque quer\u00eda hacerle unas propuestas\u2026 ese mismo 16 de octubre, escrib\u00ed por el mensajero de Facebook al susodicho: \u201cPregunta: En Xalapa, cu\u00e1ndo se le puede visitar. Una amiga tiene algunas propuestas que plantearle\u201d. La respuesta fue \u00e9sta: \u201cHola Salvador puedes hacerme llegar tu propuesta al correo <a href=\"mailto:cuitlahuacgobernador@gmail.com\" target=\"_blank\" rel=\"noreferrer noopener\">cuitlahuacgobernador@gmail.com<\/a>, ah\u00ed estoy recopilando las propuestas que me est\u00e1n haciendo llegar para cuando seamos gobierno en Veracruz y M\u00e9xico, te saludo y gracias por el apoyo\u201d. \u00bfY qu\u00e9 tiene que ver Megacable con Cuitl\u00e1huac? \u00a1Ah! Es que su respuesta me lleg\u00f3 un 24 de noviembre \u00a1del 2017! Han de disculpar, pero s\u00f3lo respond\u00ed con un \u201cSaludos\u201d&#8230;<\/p>\n\n\n\n<p>A la fecha, creo que ser\u00e1 m\u00e1s complicado que vuelva a tener \u201cla oportunidad\u201d de un mensaje del Gober, m\u00e1s cuando soy uno de tantos (dijera Enrique Guzm\u00e1n) que est\u00e1 entre los bloqueados en su tuiter\u2026 sin embargo, no pierdo \u201cel rayito de esperanja\u201d de que un d\u00eda vuelva a mandarme un mensaje por el \u201cmesenyer\u201d de Facebook\u2026 \u00a1tanto, que hasta me imagino la conversaci\u00f3n!:<br><strong>C-\u00bfQu\u00e9 cuentas, Salvador?<\/strong><\/p>\n\n\n\n<p>S- Pues Face, Instagram, Tik Tok, menos Twitter porque ah\u00ed me bloqueaste\u2026<\/p>\n\n\n\n<p><strong>C- \u00a1Qu\u00e9 resentido! \u00a1Ya hasta pareces de Morena!<\/strong><\/p>\n\n\n\n<p>S-Dir\u00e1s \u201cpadeces\u201d&#8230;<\/p>\n\n\n\n<p><strong>C- \u00bfQu\u00e9 te pasa? la 4T es una Transformaci\u00f3n, \u00a1no una enfermedad!<\/strong><br>S- \u00a1Pues m\u00e1s que Transformaci\u00f3n es \u201cTrastornaci\u00f3n\u201d!<br><strong>C- \u00a1Espera! Yo s\u00f3lo quer\u00eda ofrecerte una disculpa por tardarme dos a\u00f1os en responderte aquella ocasi\u00f3n\u2026<\/strong><\/p>\n\n\n\n<p>S- Mientras no te tardes los seis a\u00f1os en responder a los veracruzanos, no hay problema\u2026<br><strong>C- La verdad, me sent\u00eda en deuda contigo\u2026<\/strong><\/p>\n\n\n\n<p>S- Pues a como van las cosas, acabar\u00e1n con deudas todos los veracruzanos\u2026<\/p>\n\n\n\n<p><strong>C- Ah\u00ed f\u00edjate que no, estamos trabajando por el bienestar de las familias&#8230;<\/strong><\/p>\n\n\n\n<p>S- Ahora s\u00ed te doy la raz\u00f3n, porque Maleno lo ha reiterado: se beneficia a los familiares de los diputados meti\u00e9ndolos a la n\u00f3mina, ya sea del Congreso o del Poder Ejecutivo\u2026<\/p>\n\n\n\n<p><strong>C- \u00a1Ni me lo recuerdes! Ese Maleno debiera llamarse \u00a1Maligno! \u00a1Hace m\u00e1s da\u00f1o que discurso de Lilly T\u00e9llez!<\/strong><\/p>\n\n\n\n<p>S- Bueno, no negar\u00e1 que algunos morenos en sus nombres llevan el estigma\u2026<\/p>\n\n\n\n<p><strong>C- \u00a1Ah, chirri\u00f3n! \u00bfY eso?<\/strong><\/p>\n\n\n\n<p>S- Pues como t\u00fa mismo dijiste: Mal-eno\u2026 y por ah\u00ed tenemos a E-L\u00edo\u2026 y hasta tu primo, Elea-Zar de Sefiplan\u2026 y si me apuras, Luna Landa, porque ya sabes, Landa regando o Landa&#8230;<\/p>\n\n\n\n<p><strong>C- Ya entend\u00ed y ya me acord\u00e9 porque te bloquee en Twitter\u2026 \u00a1qu\u00e9 payasito eres!<\/strong><\/p>\n\n\n\n<p>S- \u00a1Ah! \u00bfSe trata de eliminar a la competencia?<br><strong>C- \u00a1Ja! Yo compito conmigo mismo\u2026<\/strong><\/p>\n\n\n\n<p>S- \u00a1Pru\u00e9bamelo!<\/p>\n\n\n\n<p><strong>C- \u00a1Con gust\u2026! \u00a1Espera! \u00bfMe est\u00e1s albureando?<\/strong><\/p>\n\n\n\n<p>S- No, para nada\u2026 pero a dos a\u00f1os de gobierno apenas me entero que eres competente\u2026 \u00bfhola? \u00a1Hey! \u00bfSigues ah\u00ed?<\/p>\n\n\n\n<p>Creo que tambi\u00e9n terminar\u00e9 bloqueado en Facebook\u2026<\/p>\n\n\n\n<p><a href=\"mailto:smcainito@gmail.com\" target=\"_blank\" rel=\"noreferrer noopener\">smcainito@gmail.com<\/a><\/p>\n","protected":false},"excerpt":{"rendered":"<p>Los Pol\u00edticos Salvador Mu\u00f1oz Hace unos d\u00edas recib\u00ed un mensaje de Megacable para atender una queja\u2026 \u00a1plop! Tiene casi tres a\u00f1os que cancel\u00e9 el servicio. Creo que la primera oraci\u00f3n explica en mucho las razones para contratar a Total Play. Esta an\u00e9cdota me record\u00f3 cuando hace precisamente cinco a\u00f1os, una amiga me preguntaba c\u00f3mo contactar [&hellip;]<\/p>\n","protected":false},"author":1,"featured_media":387,"comment_status":"open","ping_status":"open","sticky":false,"template":"","format":"standard","meta":{"_jetpack_memberships_contains_paid_content":false,"footnotes":""},"categories":[11],"tags":[],"class_list":["post-6925","post","type-post","status-publish","format-standard","has-post-thumbnail","hentry","category-opinion"],"jetpack_featured_media_url":"https:\/\/encuentroinformativo.com.mx\/wp-content\/uploads\/2020\/03\/7CF8A22B-2764-47BE-8F7F-38FE9E5D6A2F.jpeg","jetpack_sharing_enabled":true,"jetpack_likes_enabled":true,"amp_enabled":true,"_links":{"self":[{"href":"https:\/\/encuentroinformativo.com.mx\/index.php?rest_route=\/wp\/v2\/posts\/6925","targetHints":{"allow":["GET"]}}],"collection":[{"href":"https:\/\/encuentroinformativo.com.mx\/index.php?rest_route=\/wp\/v2\/posts"}],"about":[{"href":"https:\/\/encuentroinformativo.com.mx\/index.php?rest_route=\/wp\/v2\/types\/post"}],"author":[{"embeddable":true,"href":"https:\/\/encuentroinformativo.com.mx\/index.php?rest_route=\/wp\/v2\/users\/1"}],"replies":[{"embeddable":true,"href":"https:\/\/encuentroinformativo.com.mx\/index.php?rest_route=%2Fwp%2Fv2%2Fcomments&post=6925"}],"version-history":[{"count":1,"href":"https:\/\/encuentroinformativo.com.mx\/index.php?rest_route=\/wp\/v2\/posts\/6925\/revisions"}],"predecessor-version":[{"id":6926,"href":"https:\/\/encuentroinformativo.com.mx\/index.php?rest_route=\/wp\/v2\/posts\/6925\/revisions\/6926"}],"wp:featuredmedia":[{"embeddable":true,"href":"https:\/\/encuentroinformativo.com.mx\/index.php?rest_route=\/wp\/v2\/media\/387"}],"wp:attachment":[{"href":"https:\/\/encuentroinformativo.com.mx\/index.php?rest_route=%2Fwp%2Fv2%2Fmedia&parent=6925"}],"wp:term":[{"taxonomy":"category","embeddable":true,"href":"https:\/\/encuentroinformativo.com.mx\/index.php?rest_route=%2Fwp%2Fv2%2Fcategories&post=6925"},{"taxonomy":"post_tag","embeddable":true,"href":"https:\/\/encuentroinformativo.com.mx\/index.php?rest_route=%2Fwp%2Fv2%2Ftags&post=6925"}],"curies":[{"name":"wp","href":"https:\/\/api.w.org\/{rel}","templated":true}]}}