{"id":69253,"date":"2025-07-11T11:14:39","date_gmt":"2025-07-11T17:14:39","guid":{"rendered":"https:\/\/encuentroinformativo.com.mx\/?p=69253"},"modified":"2025-07-11T11:14:39","modified_gmt":"2025-07-11T17:14:39","slug":"ataque-deja-un-muerto-y-una-mujer-herida-en-san-carlos-hidalgotitlan","status":"publish","type":"post","link":"https:\/\/encuentroinformativo.com.mx\/?p=69253","title":{"rendered":"Ataque deja un muerto y una mujer herida en San Carlos, Hidalgotitl\u00e1n"},"content":{"rendered":"<p><strong>Jos\u00e9 Vargas<\/strong><\/p>\n<p>Hidalgotitl\u00e1n, Ver.- Un violento ataque armado se registr\u00f3 la noche de este jueves en la comunidad San Carlos, perteneciente a este municipio del sur de Veracruz, dejando como saldo un hombre muerto y una mujer herida de gravedad. Los hechos movilizaron a corporaciones de seguridad y personal m\u00e9dico tras reportes ciudadanos que alertaron sobre detonaciones de arma de fuego.<\/p>\n<p>De acuerdo con fuentes policiales, un sujeto solitario dispar\u00f3 directamente contra una pareja que se encontraba en la v\u00eda p\u00fablica. Ambos resultaron heridos y fueron trasladados de emergencia al Hospital General de Minatitl\u00e1n. Sin embargo, el masculino identificado como Federico P\u00e9rez Jos\u00e9, con domicilio en la misma comunidad de San Carlos, perdi\u00f3 la vida afuera del hospital antes de recibir atenci\u00f3n m\u00e9dica.<\/p>\n<p>Sobre la mujer lesionada, se inform\u00f3 que se encuentra internada y recibiendo atenci\u00f3n m\u00e9dica especializada. Aunque en un primer momento trascendi\u00f3 que tambi\u00e9n habr\u00eda fallecido, esta informaci\u00f3n no ha sido confirmada oficialmente hasta el momento.<\/p>\n<p>Testimonios recabados en el sitio se\u00f1alan como presunto agresor a un individuo identificado como Joel \u201cN\u201d, quien habr\u00eda escapado del lugar a pie luego del ataque, dejando una motocicleta abandonada cerca de la escena. Dicha unidad ya fue asegurada por las autoridades como parte de la investigaci\u00f3n.<\/p>\n<p>Elementos de la Polic\u00eda Ministerial con base en Minatitl\u00e1n arribaron al lugar de los hechos y al hospital para tomar conocimiento, integrar la carpeta correspondiente y recabar las primeras entrevistas. Hasta ahora se desconoce el m\u00f3vil del ataque, por lo que no se descartan hip\u00f3tesis, incluyendo un posible ajuste de cuentas.<\/p>\n<p>El cuerpo de Federico fue trasladado al Servicio M\u00e9dico Forense para la necropsia de rigor, mientras la Fiscal\u00eda Regional contin\u00faa con las indagatorias para dar con el responsable.<\/p>\n<p>La comunidad permanece consternada ante este nuevo hecho violento que se suma a la ola delictiva que golpea al sur de la entidad.<\/p>\n","protected":false},"excerpt":{"rendered":"<p>Jos\u00e9 Vargas Hidalgotitl\u00e1n, Ver.- Un violento ataque armado se registr\u00f3 la noche de este jueves en la comunidad San Carlos, perteneciente a este municipio del sur de Veracruz, dejando como saldo un hombre muerto y una mujer herida de gravedad. Los hechos movilizaron a corporaciones de seguridad y personal m\u00e9dico tras reportes ciudadanos que alertaron [&hellip;]<\/p>\n","protected":false},"author":2476,"featured_media":69254,"comment_status":"open","ping_status":"open","sticky":false,"template":"","format":"standard","meta":{"_jetpack_memberships_contains_paid_content":false,"footnotes":""},"categories":[14],"tags":[],"class_list":["post-69253","post","type-post","status-publish","format-standard","has-post-thumbnail","hentry","category-policiaca"],"jetpack_featured_media_url":"https:\/\/encuentroinformativo.com.mx\/wp-content\/uploads\/2025\/07\/IMG-20250711-WA00112.jpg","jetpack_sharing_enabled":true,"jetpack_likes_enabled":true,"amp_enabled":true,"_links":{"self":[{"href":"https:\/\/encuentroinformativo.com.mx\/index.php?rest_route=\/wp\/v2\/posts\/69253","targetHints":{"allow":["GET"]}}],"collection":[{"href":"https:\/\/encuentroinformativo.com.mx\/index.php?rest_route=\/wp\/v2\/posts"}],"about":[{"href":"https:\/\/encuentroinformativo.com.mx\/index.php?rest_route=\/wp\/v2\/types\/post"}],"author":[{"embeddable":true,"href":"https:\/\/encuentroinformativo.com.mx\/index.php?rest_route=\/wp\/v2\/users\/2476"}],"replies":[{"embeddable":true,"href":"https:\/\/encuentroinformativo.com.mx\/index.php?rest_route=%2Fwp%2Fv2%2Fcomments&post=69253"}],"version-history":[{"count":1,"href":"https:\/\/encuentroinformativo.com.mx\/index.php?rest_route=\/wp\/v2\/posts\/69253\/revisions"}],"predecessor-version":[{"id":69255,"href":"https:\/\/encuentroinformativo.com.mx\/index.php?rest_route=\/wp\/v2\/posts\/69253\/revisions\/69255"}],"wp:featuredmedia":[{"embeddable":true,"href":"https:\/\/encuentroinformativo.com.mx\/index.php?rest_route=\/wp\/v2\/media\/69254"}],"wp:attachment":[{"href":"https:\/\/encuentroinformativo.com.mx\/index.php?rest_route=%2Fwp%2Fv2%2Fmedia&parent=69253"}],"wp:term":[{"taxonomy":"category","embeddable":true,"href":"https:\/\/encuentroinformativo.com.mx\/index.php?rest_route=%2Fwp%2Fv2%2Fcategories&post=69253"},{"taxonomy":"post_tag","embeddable":true,"href":"https:\/\/encuentroinformativo.com.mx\/index.php?rest_route=%2Fwp%2Fv2%2Ftags&post=69253"}],"curies":[{"name":"wp","href":"https:\/\/api.w.org\/{rel}","templated":true}]}}