{"id":69261,"date":"2025-07-11T12:46:59","date_gmt":"2025-07-11T18:46:59","guid":{"rendered":"https:\/\/encuentroinformativo.com.mx\/?p=69261"},"modified":"2025-07-11T12:46:59","modified_gmt":"2025-07-11T18:46:59","slug":"por-concluir-convocatoria-para-cabildo-juvenil","status":"publish","type":"post","link":"https:\/\/encuentroinformativo.com.mx\/?p=69261","title":{"rendered":"Por concluir convocatoria para Cabildo Juvenil"},"content":{"rendered":"<p><strong>Dar\u00edo Pale<\/strong><\/p>\n<p>Xalapa, Ver.- La directora de Juventud municipal, Gelsey Yareni Varela Castillo dio a conocer que est\u00e1 por cerrar la convocatoria del Cabildo Juvenil y el Premio Estatal de la Juventud 2025, record\u00f3 que la edad de participaci\u00f3n es de 18 a 29 a\u00f1os y que las y los aspirantes deben acreditar su residencia en la capital del estado con un m\u00ednimo de tres a\u00f1os.<\/p>\n<p>El pr\u00f3ximo 18 de julio cerrar\u00e1 la convocatoria de inscripci\u00f3n para participar en el 11\u00b0 Cabildo Juvenil y el Premio Estatal de la Juventud que organiza el Ayuntamiento de Xalapa en el marco del D\u00eda Internacional de la Juventud a celebrarse el 12 de agosto.<\/p>\n<p>Dio a conocer que desde los primeros d\u00edas del lanzamiento de la convocatoria se ha observado el inter\u00e9s de este sector; los participantes, dijo, exponen en sus proyectos diversos temas relacionados con la ciencia y la tecnolog\u00eda, derechos humanos, desarrollo econ\u00f3mico, por mencionar algunos.<\/p>\n<p>Record\u00f3 que la edad de participaci\u00f3n es de 18 a 29 a\u00f1os y que las y los aspirantes deben acreditar su residencia en la capital del estado con un m\u00ednimo de tres a\u00f1os, \u201cbuscamos propuestas para la mejora de Xalapa, en cualquiera de las comisiones edilicias que existen en el Ayuntamiento, y tambi\u00e9n el reconocimiento a j\u00f3venes destacados en las categor\u00edas de derechos humanos, logro acad\u00e9mico, deporte, medio ambiente y desarrollo econ\u00f3mico con emprendimientos innovadores\u201d.<\/p>\n<p>Quienes deseen formar parte de esta experiencia pueden consultar la convocatoria completa en el sitio oficial del Ayuntamiento de Xalapa:<\/p>\n<p>https:\/\/xalapa.gob.mx\/direccion-de-juventud\/wp-content\/uploads\/sites\/60\/2025\/06\/11a-Convocatoria-de-cabildo-Juvenil.pdf<\/p>\n<p>El registro se realiza a trav\u00e9s del siguiente formulario en l\u00ednea:<br \/>\nhttps:\/\/docs.google.com\/forms\/d\/e\/1FAIpQLSc0vds1BAYGb_eS6Qls7BsgI3PgUN_54dD0yt6_ZWTpgKzqig\/viewform<\/p>\n<p>En tanto, Varela Castillo destac\u00f3 que, con este ejercicio, el gobierno municipal busca promover la participaci\u00f3n activa de las juventudes en la toma de decisiones y el dise\u00f1o de pol\u00edticas p\u00fablicas que beneficien a la ciudad.<\/p>\n<p>Finalmente dio a conocer que, \u201cvamos bastante bien y ya a punto de cerrar; estuvimos visitando escuelas antes de que salieran de vacaciones y tenemos un registro de participaci\u00f3n muy positivo\u201d.<\/p>\n","protected":false},"excerpt":{"rendered":"<p>Dar\u00edo Pale Xalapa, Ver.- La directora de Juventud municipal, Gelsey Yareni Varela Castillo dio a conocer que est\u00e1 por cerrar la convocatoria del Cabildo Juvenil y el Premio Estatal de la Juventud 2025, record\u00f3 que la edad de participaci\u00f3n es de 18 a 29 a\u00f1os y que las y los aspirantes deben acreditar su residencia [&hellip;]<\/p>\n","protected":false},"author":2476,"featured_media":69262,"comment_status":"open","ping_status":"open","sticky":false,"template":"","format":"standard","meta":{"_jetpack_memberships_contains_paid_content":false,"footnotes":""},"categories":[3],"tags":[],"class_list":["post-69261","post","type-post","status-publish","format-standard","has-post-thumbnail","hentry","category-xalapa"],"jetpack_featured_media_url":"https:\/\/encuentroinformativo.com.mx\/wp-content\/uploads\/2025\/07\/IMG-20250711-WA0100.jpg","jetpack_sharing_enabled":true,"jetpack_likes_enabled":true,"amp_enabled":true,"_links":{"self":[{"href":"https:\/\/encuentroinformativo.com.mx\/index.php?rest_route=\/wp\/v2\/posts\/69261","targetHints":{"allow":["GET"]}}],"collection":[{"href":"https:\/\/encuentroinformativo.com.mx\/index.php?rest_route=\/wp\/v2\/posts"}],"about":[{"href":"https:\/\/encuentroinformativo.com.mx\/index.php?rest_route=\/wp\/v2\/types\/post"}],"author":[{"embeddable":true,"href":"https:\/\/encuentroinformativo.com.mx\/index.php?rest_route=\/wp\/v2\/users\/2476"}],"replies":[{"embeddable":true,"href":"https:\/\/encuentroinformativo.com.mx\/index.php?rest_route=%2Fwp%2Fv2%2Fcomments&post=69261"}],"version-history":[{"count":1,"href":"https:\/\/encuentroinformativo.com.mx\/index.php?rest_route=\/wp\/v2\/posts\/69261\/revisions"}],"predecessor-version":[{"id":69263,"href":"https:\/\/encuentroinformativo.com.mx\/index.php?rest_route=\/wp\/v2\/posts\/69261\/revisions\/69263"}],"wp:featuredmedia":[{"embeddable":true,"href":"https:\/\/encuentroinformativo.com.mx\/index.php?rest_route=\/wp\/v2\/media\/69262"}],"wp:attachment":[{"href":"https:\/\/encuentroinformativo.com.mx\/index.php?rest_route=%2Fwp%2Fv2%2Fmedia&parent=69261"}],"wp:term":[{"taxonomy":"category","embeddable":true,"href":"https:\/\/encuentroinformativo.com.mx\/index.php?rest_route=%2Fwp%2Fv2%2Fcategories&post=69261"},{"taxonomy":"post_tag","embeddable":true,"href":"https:\/\/encuentroinformativo.com.mx\/index.php?rest_route=%2Fwp%2Fv2%2Ftags&post=69261"}],"curies":[{"name":"wp","href":"https:\/\/api.w.org\/{rel}","templated":true}]}}