{"id":69277,"date":"2025-07-12T18:45:23","date_gmt":"2025-07-13T00:45:23","guid":{"rendered":"https:\/\/encuentroinformativo.com.mx\/?p=69277"},"modified":"2025-07-12T18:45:23","modified_gmt":"2025-07-13T00:45:23","slug":"demandan-justicia-para-victimas-de-transfeminicidio","status":"publish","type":"post","link":"https:\/\/encuentroinformativo.com.mx\/?p=69277","title":{"rendered":"Demandan justicia para v\u00edctimas de transfeminicidio"},"content":{"rendered":"<p><strong>Dar\u00edo Pale<\/strong><\/p>\n<p>Xalapa, Ver.- Con un acto en el memorial de v\u00edctimas LGBT+ en Araucarias frente al Pante\u00f3n Palo Verde y posteriormente con una marcha al centro de la ciudad personas de la comunidad de la diversidad sexual y de la iglesia Anglicana, exigieron justicia para las v\u00edctimas de transfeminicidio y sus familias.<\/p>\n<p>En un pronunciamiento realizado en Araucarias, dieron a conocer que es urgente luchar por la igualdad, la justicia y la dignidad para las personas, sin importar su identidad de g\u00e9nero o expresi\u00f3n.<\/p>\n<p>&#8220;El transfeminicidio es un crimen que nos duele a todos, porque nos recuerda la violencia y la discriminaci\u00f3n que enfrentan las personas trans en nuestra sociedad&#8221;, dijo Jocelyn Paulina Rodr\u00edguez, coordinadora de la Casa de las Mu\u00f1ecas Tiresias, A.C.<\/p>\n<p>Se\u00f1alaron que cada vida perdida es un recordatorio de la necesidad de trabajar juntos para crear un mundo m\u00e1s seguro e inclusivo para todas las personas.<\/p>\n<p>&#8220;La lucha contra el transfeminicidio es una lucha por la justicia, la igualdad y la dignidad humana. Exigimos Pedimos a los gobiernos, las instituciones que tomen medidas efectivas para prevenir la violencia y la discriminaci\u00f3n contra las personas trans&#8221;.<\/p>\n<p>Adem\u00e1s, hicieron un compromiso a seguir trabajando juntos para crear un mundo m\u00e1s justo y m\u00e1s equitativo para todas las personas, sin importar su identidad de g\u00e9nero o expresi\u00f3n.<\/p>\n<p>&#8220;A pesar del dolor y la tristeza, seguimos adelante con esperanza y determinaci\u00f3n. Creemos en un futuro donde todas las personas pueden vivir sin miedo a la violencia y a la discriminaci\u00f3n. Juntos podemos crear un mundo m\u00e1s justo, equitativo para todas las personas&#8221;, a\u00f1adieron.<\/p>\n<p>Finalmente los participantes exigieron justicia para Alexis No\u00e9 Vel\u00e1zquez Delgado, chica trans de 21 a\u00f1os, cuyo cuerpo fue encontrado sin vida en Emiliano Zapata. Durante la protesta llevaban pancartas, veladoras, banderas y una fotograf\u00eda de Alexis.<\/p>\n<p><img loading=\"lazy\" decoding=\"async\" class=\"aligncenter size-medium wp-image-69279\" src=\"https:\/\/encuentroinformativo.com.mx\/wp-content\/uploads\/2025\/07\/IMG-20250712-WA0221-300x169.jpg\" alt=\"\" width=\"300\" height=\"169\" srcset=\"https:\/\/encuentroinformativo.com.mx\/wp-content\/uploads\/2025\/07\/IMG-20250712-WA0221-300x169.jpg 300w, https:\/\/encuentroinformativo.com.mx\/wp-content\/uploads\/2025\/07\/IMG-20250712-WA0221-1024x576.jpg 1024w, https:\/\/encuentroinformativo.com.mx\/wp-content\/uploads\/2025\/07\/IMG-20250712-WA0221-768x432.jpg 768w, https:\/\/encuentroinformativo.com.mx\/wp-content\/uploads\/2025\/07\/IMG-20250712-WA0221-1536x864.jpg 1536w, https:\/\/encuentroinformativo.com.mx\/wp-content\/uploads\/2025\/07\/IMG-20250712-WA0221.jpg 1599w\" sizes=\"auto, (max-width: 300px) 100vw, 300px\" \/><\/p>\n","protected":false},"excerpt":{"rendered":"<p>Dar\u00edo Pale Xalapa, Ver.- Con un acto en el memorial de v\u00edctimas LGBT+ en Araucarias frente al Pante\u00f3n Palo Verde y posteriormente con una marcha al centro de la ciudad personas de la comunidad de la diversidad sexual y de la iglesia Anglicana, exigieron justicia para las v\u00edctimas de transfeminicidio y sus familias. En un [&hellip;]<\/p>\n","protected":false},"author":2476,"featured_media":69278,"comment_status":"open","ping_status":"open","sticky":false,"template":"","format":"standard","meta":{"_jetpack_memberships_contains_paid_content":false,"footnotes":""},"categories":[3],"tags":[],"class_list":["post-69277","post","type-post","status-publish","format-standard","has-post-thumbnail","hentry","category-xalapa"],"jetpack_featured_media_url":"https:\/\/encuentroinformativo.com.mx\/wp-content\/uploads\/2025\/07\/IMG-20250712-WA0226.jpg","jetpack_sharing_enabled":true,"jetpack_likes_enabled":true,"amp_enabled":true,"_links":{"self":[{"href":"https:\/\/encuentroinformativo.com.mx\/index.php?rest_route=\/wp\/v2\/posts\/69277","targetHints":{"allow":["GET"]}}],"collection":[{"href":"https:\/\/encuentroinformativo.com.mx\/index.php?rest_route=\/wp\/v2\/posts"}],"about":[{"href":"https:\/\/encuentroinformativo.com.mx\/index.php?rest_route=\/wp\/v2\/types\/post"}],"author":[{"embeddable":true,"href":"https:\/\/encuentroinformativo.com.mx\/index.php?rest_route=\/wp\/v2\/users\/2476"}],"replies":[{"embeddable":true,"href":"https:\/\/encuentroinformativo.com.mx\/index.php?rest_route=%2Fwp%2Fv2%2Fcomments&post=69277"}],"version-history":[{"count":1,"href":"https:\/\/encuentroinformativo.com.mx\/index.php?rest_route=\/wp\/v2\/posts\/69277\/revisions"}],"predecessor-version":[{"id":69280,"href":"https:\/\/encuentroinformativo.com.mx\/index.php?rest_route=\/wp\/v2\/posts\/69277\/revisions\/69280"}],"wp:featuredmedia":[{"embeddable":true,"href":"https:\/\/encuentroinformativo.com.mx\/index.php?rest_route=\/wp\/v2\/media\/69278"}],"wp:attachment":[{"href":"https:\/\/encuentroinformativo.com.mx\/index.php?rest_route=%2Fwp%2Fv2%2Fmedia&parent=69277"}],"wp:term":[{"taxonomy":"category","embeddable":true,"href":"https:\/\/encuentroinformativo.com.mx\/index.php?rest_route=%2Fwp%2Fv2%2Fcategories&post=69277"},{"taxonomy":"post_tag","embeddable":true,"href":"https:\/\/encuentroinformativo.com.mx\/index.php?rest_route=%2Fwp%2Fv2%2Ftags&post=69277"}],"curies":[{"name":"wp","href":"https:\/\/api.w.org\/{rel}","templated":true}]}}