{"id":69281,"date":"2025-07-12T18:52:07","date_gmt":"2025-07-13T00:52:07","guid":{"rendered":"https:\/\/encuentroinformativo.com.mx\/?p=69281"},"modified":"2025-07-12T18:52:07","modified_gmt":"2025-07-13T00:52:07","slug":"presentan-programa-para-fiestas-patronales-de-xico","status":"publish","type":"post","link":"https:\/\/encuentroinformativo.com.mx\/?p=69281","title":{"rendered":"Presentan programa para fiestas patronales de Xico"},"content":{"rendered":"<p><strong>Dar\u00edo Pale<\/strong><\/p>\n<p>Xalapa, Ver.- Se llev\u00f3 a cabo la presentaci\u00f3n del programa de las fiestas patronales en honor a Santa Mar\u00eda Magdalena, patrona del municipio de Xico, el cual se realizar\u00e1 del 18 al 24 de julio en el Pueblo M\u00e1gico.<\/p>\n<p>En este Pueblo M\u00e1gico se espera una afluencia de m\u00e1s de 80 mil personas en los 7 d\u00edas principales y una derrama econ\u00f3mica de 96 millones de pesos, las actividades culturales y religiosas que se realizar\u00e1n el Teatro del Pueblo, iglesia y principales calles de Xico.<\/p>\n<p>Dentro del programa de actividades se destaca la participaci\u00f3n de \u201cEl Super Show de los V\u00e1zquez\u201d, \u201cLos Vela\u201d, \u201cInternacional Guayac\u00e1n Orquesta\u201d, \u201cGrupo Niche\u201d, \u201cGrupo Palomo\u201d \u201cLos Super Lamas\u201d, \u201cTributo al Rock\u201d, \u201cTRI&#8230;buto Pedro Mart\u00ednez\u201d, \u201cEl Ultimo Stone\u201d y \u201cAar\u00f3n y su Grupo Ilusi\u00f3n\u201d.<\/p>\n<p>Los eventos quedaron de la siguiente manera:<br \/>\n18 JULIO<\/p>\n<p>18:00 horas: Ballet Metzonalli<br \/>\n19:00 horas: Son de mi Tierra<br \/>\n20:30 horas: Grupo norte\u00f1o \u201cAferrado\u201d<br \/>\n22:30 horas: El Super Show de los V\u00e1zquez<br \/>\n01:00 horas: Los Vela<\/p>\n<p>19 JULIO<\/p>\n<p>16:00 horas: Festival Folkl\u00f3rico Internacional \u201cInspirarte\u201d (Desfile)<br \/>\n18:00 horas: Inauguraci\u00f3n de Fiestas Patronales 2025<br \/>\n19:00 horas: Ballet cl\u00e1sico \u201cAvant Ballet\u201d<br \/>\n19:30 horas: Ballet Folkl\u00f3rico Internacional \u201cInspirarte\u201d<br \/>\n22:00 horas: Bendici\u00f3n de Alfombra de Aserr\u00edn y Procesi\u00f3n con Santa Mar\u00eda Magdalena.<br \/>\n00:30 horas: Tributo a La Salsa. Internacional Guayac\u00e1n Orquesta y Grupo Niche.<\/p>\n<p>20 JULIO<\/p>\n<p>10:00 horas: Celebraci\u00f3n Eucar\u00edstica y Bendici\u00f3n de Arco Floral (Capilla de Cristo Rey).<br \/>\n18:00 horas: Ballet Folkl\u00f3rico Izcalli.<br \/>\n19:00 horas: El Show de Bely y Beto (tributo)\/Tatishow y su Mundo M\u00e1gico.<br \/>\n21:00 horas: D\u00fao &#8220;Son De Noche&#8221;.<br \/>\n22:30 horas: Grupo CMS.<br \/>\n00:00 horas: Sonora Aldimar.<\/p>\n<p>21 JULIO<\/p>\n<p>2:00 horas: Toque de Alba. Ma\u00f1anitas a Santa Mar\u00eda Magdalena.<br \/>\n17:00 horas: Procesi\u00f3n de Arrieros y Vaqueros (Inicia en la Capilla de la Santa Cruz del Llanito).<br \/>\n18:00 horas: Ballet Folkl\u00f3rico &#8220;Mitatili&#8221; del Estado de M\u00e9xico.<br \/>\n20:00 horas: Grupo de Arpas &#8220;Chapulapan&#8221;.<br \/>\n21:30 horas: &#8220;Los Rikis del Sabor&#8221;.<br \/>\n23:30 horas: Grupo Palomo.<\/p>\n<p>22 JULIO<\/p>\n<p>12:00 horas: Misa de Fiesta Patronal (Parroquia de Santa Mar\u00eda Magdalena).<br \/>\n12:00 horas: Capea de Toros (Av. Miguel Hidalgo).<br \/>\n16:30 horas: Corrida de Toros (Plaza Alberto Balderas).<br \/>\n20:00 horas: Grupo Musical Buena Onda.<br \/>\n21:45 horas: Grupo Musical Rafallo.<br \/>\n23:45 horas: Super Lamas.<\/p>\n<p>23 JULIO<\/p>\n<p>10:00 horas: Misa de Acci\u00f3n de Gracias y Procesi\u00f3n del Pueblo.<br \/>\n18:00 horas: Ballet Folkl\u00f3rico IMSS Coatepec &#8220;Por Amor al Arte&#8221;.<br \/>\n20:00 horas: Xicos Klan.<br \/>\n22:30 horas: Tributo al Rock. TRI&#8230;buto Pedro Mart\u00ednez y El Ultimo Stone.<\/p>\n<p>24 JULIO<\/p>\n<p>18:00 horas: Internacional Mariachi Puebla.<br \/>\n20:00 horas: Trio Divina Ilusi\u00f3n.<br \/>\n21:00 horas: Grupo Eco.<br \/>\n23:00 horas: Aar\u00f3n y su Grupo Ilusi\u00f3n.<\/p>\n<p>&nbsp;<\/p>\n","protected":false},"excerpt":{"rendered":"<p>Dar\u00edo Pale Xalapa, Ver.- Se llev\u00f3 a cabo la presentaci\u00f3n del programa de las fiestas patronales en honor a Santa Mar\u00eda Magdalena, patrona del municipio de Xico, el cual se realizar\u00e1 del 18 al 24 de julio en el Pueblo M\u00e1gico. En este Pueblo M\u00e1gico se espera una afluencia de m\u00e1s de 80 mil personas [&hellip;]<\/p>\n","protected":false},"author":2476,"featured_media":69282,"comment_status":"open","ping_status":"open","sticky":false,"template":"","format":"standard","meta":{"_jetpack_memberships_contains_paid_content":false,"footnotes":""},"categories":[8],"tags":[],"class_list":["post-69281","post","type-post","status-publish","format-standard","has-post-thumbnail","hentry","category-region"],"jetpack_featured_media_url":"https:\/\/encuentroinformativo.com.mx\/wp-content\/uploads\/2025\/07\/IMG-20250712-WA0228.jpg","jetpack_sharing_enabled":true,"jetpack_likes_enabled":true,"amp_enabled":true,"_links":{"self":[{"href":"https:\/\/encuentroinformativo.com.mx\/index.php?rest_route=\/wp\/v2\/posts\/69281","targetHints":{"allow":["GET"]}}],"collection":[{"href":"https:\/\/encuentroinformativo.com.mx\/index.php?rest_route=\/wp\/v2\/posts"}],"about":[{"href":"https:\/\/encuentroinformativo.com.mx\/index.php?rest_route=\/wp\/v2\/types\/post"}],"author":[{"embeddable":true,"href":"https:\/\/encuentroinformativo.com.mx\/index.php?rest_route=\/wp\/v2\/users\/2476"}],"replies":[{"embeddable":true,"href":"https:\/\/encuentroinformativo.com.mx\/index.php?rest_route=%2Fwp%2Fv2%2Fcomments&post=69281"}],"version-history":[{"count":1,"href":"https:\/\/encuentroinformativo.com.mx\/index.php?rest_route=\/wp\/v2\/posts\/69281\/revisions"}],"predecessor-version":[{"id":69283,"href":"https:\/\/encuentroinformativo.com.mx\/index.php?rest_route=\/wp\/v2\/posts\/69281\/revisions\/69283"}],"wp:featuredmedia":[{"embeddable":true,"href":"https:\/\/encuentroinformativo.com.mx\/index.php?rest_route=\/wp\/v2\/media\/69282"}],"wp:attachment":[{"href":"https:\/\/encuentroinformativo.com.mx\/index.php?rest_route=%2Fwp%2Fv2%2Fmedia&parent=69281"}],"wp:term":[{"taxonomy":"category","embeddable":true,"href":"https:\/\/encuentroinformativo.com.mx\/index.php?rest_route=%2Fwp%2Fv2%2Fcategories&post=69281"},{"taxonomy":"post_tag","embeddable":true,"href":"https:\/\/encuentroinformativo.com.mx\/index.php?rest_route=%2Fwp%2Fv2%2Ftags&post=69281"}],"curies":[{"name":"wp","href":"https:\/\/api.w.org\/{rel}","templated":true}]}}