{"id":69284,"date":"2025-07-12T19:19:47","date_gmt":"2025-07-13T01:19:47","guid":{"rendered":"https:\/\/encuentroinformativo.com.mx\/?p=69284"},"modified":"2025-07-12T19:19:47","modified_gmt":"2025-07-13T01:19:47","slug":"rescatan-a-700-jornaleros-victimas-de-trata-laboral-en-dolores-hidalgo","status":"publish","type":"post","link":"https:\/\/encuentroinformativo.com.mx\/?p=69284","title":{"rendered":"Rescatan a 700 jornaleros v\u00edctimas de trata laboral en Dolores Hidalgo"},"content":{"rendered":"<p><strong>Jos\u00e9 Vargas<\/strong><\/p>\n<p>Dolores Hidalgo, Gto.- Un megaoperativo interinstitucional encabezado por la Fiscal\u00eda General del Estado de Guanajuato permiti\u00f3 el rescate de m\u00e1s de 700 jornaleros agr\u00edcolas que eran v\u00edctimas de presunta trata de personas con fines de explotaci\u00f3n laboral, en un rancho ubicado en el municipio de Dolores Hidalgo. Las personas, en su mayor\u00eda originarias de Guerrero, Chiapas, Oaxaca y Veracruz, fueron localizadas en condiciones de hacinamiento, insalubridad y sin la posibilidad de abandonar el lugar por sus propios medios.<\/p>\n<p>La intervenci\u00f3n judicial se realiz\u00f3 con base en una orden de cateo, y form\u00f3 parte de una operaci\u00f3n coordinada en la que participaron elementos de la Guardia Nacional, Fuerzas de Seguridad P\u00fablica del Estado (FSPE), Polic\u00eda Municipal, Protecci\u00f3n Civil, Cruz Roja, el DIF estatal y municipal, as\u00ed como personal de Bomberos, la Procuradur\u00eda Estatal de Protecci\u00f3n de Ni\u00f1as, Ni\u00f1os y Adolescentes (PEPNNA) y la Procuradur\u00eda de Derechos Humanos del Estado de Guanajuato (PRODHEG).<\/p>\n<p>Durante la diligencia tambi\u00e9n se hallaron sustancias il\u00edcitas, lo que deriv\u00f3 en la apertura de una carpeta de investigaci\u00f3n por delitos contra la salud. En el lugar fue detenida al menos una persona relacionada con este hallazgo.<\/p>\n<p>De acuerdo con los primeros reportes oficiales, los trabajadores hab\u00edan sido reclutados en sus estados de origen bajo enga\u00f1os o promesas de empleo digno, y posteriormente trasladados al rancho donde eran obligados a laborar en condiciones inhumanas, sin acceso a agua potable, alimentos suficientes ni atenci\u00f3n m\u00e9dica. Muchos no contaban con documentos de identidad, ya que estos les fueron retirados al llegar, y se encontraban pr\u00e1cticamente incomunicados.<\/p>\n<p>Las personas rescatadas se encuentran actualmente bajo protecci\u00f3n de las autoridades. Se les brinda atenci\u00f3n m\u00e9dica, psicol\u00f3gica, social y legal, con la participaci\u00f3n activa del Sistema Estatal para el Desarrollo Integral de la Familia (DIF), que activ\u00f3 los protocolos de acompa\u00f1amiento para v\u00edctimas de trata.<\/p>\n<p>En el caso de los trabajadores veracruzanos, la Fiscal\u00eda General del Estado de Veracruz inform\u00f3 que ya colabora con su hom\u00f3loga guanajuatense para identificar los municipios de origen y ampliar las indagatorias en torno a las posibles redes de reclutamiento y traslado, ante la sospecha de que esta forma de explotaci\u00f3n laboral podr\u00eda estar siendo sostenida por estructuras criminales organizadas con v\u00ednculos en diversos estados.<\/p>\n<p>Las autoridades no han revelado a\u00fan el nombre del rancho ni de los presuntos responsables de la operaci\u00f3n, pero indicaron que se trata de una investigaci\u00f3n en curso, en la que se busca determinar tanto la cadena de mando como la posible colusi\u00f3n o negligencia de autoridades locales que habr\u00edan permitido el funcionamiento de este esquema de esclavitud moderna \u201ca plena vista\u201d.<\/p>\n<p>Este caso ha generado indignaci\u00f3n a nivel nacional, al evidenciar las condiciones de precariedad y abuso a las que siguen siendo sometidos miles de trabajadores del campo, particularmente ind\u00edgenas y migrantes internos, en zonas agr\u00edcolas de alto rendimiento.<\/p>\n<p>La Fiscal\u00eda del Estado reiter\u00f3 que no se permitir\u00e1 la impunidad en este caso y asegur\u00f3 que se aplicar\u00e1 todo el peso de la ley contra quienes resulten responsables, no solo por trata de personas, sino tambi\u00e9n por delitos conexos como privaci\u00f3n ilegal de la libertad, amenazas, y explotaci\u00f3n infantil y laboral.<\/p>\n<p>El operativo en Dolores Hidalgo podr\u00eda convertirse en uno de los mayores casos de rescate masivo de v\u00edctimas de trata en la historia reciente del pa\u00eds, y pone sobre la mesa un tema estructural: la urgente necesidad de supervisi\u00f3n efectiva en los centros de trabajo agr\u00edcola, as\u00ed como la revisi\u00f3n profunda de los mecanismos de contrataci\u00f3n que siguen facilitando la explotaci\u00f3n de los m\u00e1s vulnerables.<\/p>\n","protected":false},"excerpt":{"rendered":"<p>Jos\u00e9 Vargas Dolores Hidalgo, Gto.- Un megaoperativo interinstitucional encabezado por la Fiscal\u00eda General del Estado de Guanajuato permiti\u00f3 el rescate de m\u00e1s de 700 jornaleros agr\u00edcolas que eran v\u00edctimas de presunta trata de personas con fines de explotaci\u00f3n laboral, en un rancho ubicado en el municipio de Dolores Hidalgo. Las personas, en su mayor\u00eda originarias [&hellip;]<\/p>\n","protected":false},"author":2476,"featured_media":69285,"comment_status":"open","ping_status":"open","sticky":false,"template":"","format":"standard","meta":{"_jetpack_memberships_contains_paid_content":false,"footnotes":""},"categories":[2,12],"tags":[],"class_list":["post-69284","post","type-post","status-publish","format-standard","has-post-thumbnail","hentry","category-estado","category-nacional"],"jetpack_featured_media_url":"https:\/\/encuentroinformativo.com.mx\/wp-content\/uploads\/2025\/07\/IMG-20250712-WA0207.jpg","jetpack_sharing_enabled":true,"jetpack_likes_enabled":true,"amp_enabled":true,"_links":{"self":[{"href":"https:\/\/encuentroinformativo.com.mx\/index.php?rest_route=\/wp\/v2\/posts\/69284","targetHints":{"allow":["GET"]}}],"collection":[{"href":"https:\/\/encuentroinformativo.com.mx\/index.php?rest_route=\/wp\/v2\/posts"}],"about":[{"href":"https:\/\/encuentroinformativo.com.mx\/index.php?rest_route=\/wp\/v2\/types\/post"}],"author":[{"embeddable":true,"href":"https:\/\/encuentroinformativo.com.mx\/index.php?rest_route=\/wp\/v2\/users\/2476"}],"replies":[{"embeddable":true,"href":"https:\/\/encuentroinformativo.com.mx\/index.php?rest_route=%2Fwp%2Fv2%2Fcomments&post=69284"}],"version-history":[{"count":1,"href":"https:\/\/encuentroinformativo.com.mx\/index.php?rest_route=\/wp\/v2\/posts\/69284\/revisions"}],"predecessor-version":[{"id":69286,"href":"https:\/\/encuentroinformativo.com.mx\/index.php?rest_route=\/wp\/v2\/posts\/69284\/revisions\/69286"}],"wp:featuredmedia":[{"embeddable":true,"href":"https:\/\/encuentroinformativo.com.mx\/index.php?rest_route=\/wp\/v2\/media\/69285"}],"wp:attachment":[{"href":"https:\/\/encuentroinformativo.com.mx\/index.php?rest_route=%2Fwp%2Fv2%2Fmedia&parent=69284"}],"wp:term":[{"taxonomy":"category","embeddable":true,"href":"https:\/\/encuentroinformativo.com.mx\/index.php?rest_route=%2Fwp%2Fv2%2Fcategories&post=69284"},{"taxonomy":"post_tag","embeddable":true,"href":"https:\/\/encuentroinformativo.com.mx\/index.php?rest_route=%2Fwp%2Fv2%2Ftags&post=69284"}],"curies":[{"name":"wp","href":"https:\/\/api.w.org\/{rel}","templated":true}]}}