{"id":69308,"date":"2025-07-14T13:49:52","date_gmt":"2025-07-14T19:49:52","guid":{"rendered":"https:\/\/encuentroinformativo.com.mx\/?p=69308"},"modified":"2025-07-14T13:49:52","modified_gmt":"2025-07-14T19:49:52","slug":"desplome-del-precio-de-cana-de-azucar-afecta-a-productores","status":"publish","type":"post","link":"https:\/\/encuentroinformativo.com.mx\/?p=69308","title":{"rendered":"Desplome del precio de ca\u00f1a de az\u00facar afecta a productores"},"content":{"rendered":"<p><strong>Dar\u00edo Pale<\/strong><\/p>\n<p>Xalapa, Ver.- Productores de ca\u00f1a del ejido \u00c1ngel R. Cabada denunciaron que 5 mil 400 trabajadores de la industria resultan afectados por el bajo precio del producto, adem\u00e1s de que sus l\u00edderes no los han defendido.<\/p>\n<p>En conferencia de prensa, se\u00f1alaron a Jes\u00fas Chagala Medina, Aron Temix Oliveros y a Luis Dionicio Rojas Lira.<\/p>\n<p>Armando Azamar, del Consejo de Vigilancia, a nombre de los afectados por el comit\u00e9 de producci\u00f3n del Ingenio San Pedro se\u00f1al\u00f3 que, &#8220;adem\u00e1s de que no nos han defendido, el Ingenio se sirvi\u00f3 con la cuchara grande esta vez. Ellos no intervinieron en la zafra 2023-2024 y desgraciadamente el precio de la ca\u00f1a de az\u00facar baj\u00f3 demasiado, de mil 195 baj\u00f3 a 845 pesos la tonelada&#8221;.<\/p>\n<p>Azamar Nato tambi\u00e9n coment\u00f3 que hay muchos productores que no est\u00e1n pensionados, que no alcanzaron a cubrir su seguro, los mismos l\u00edderes se los est\u00e1n cobrando porque si no, no van a tener seguro en esta zafra 2025-2026.<\/p>\n<p>No obstante, precis\u00f3 que se cuenta con una partida presupuestal federal por la cual el gobierno federal cubre a quienes no alcancen a pagar el seguro.<\/p>\n<p>Aunado a ello, comentaron que por hacer p\u00fablicas estas irregularidades fueron expulsados del comit\u00e9 de producci\u00f3n del Ingenio San Pedro.<\/p>\n<p>Por ello, pidi\u00f3 la intervenci\u00f3n de la gobernadora Roc\u00edo Nahle Garc\u00eda para revisar los precios del az\u00facar, adelant\u00f3 que el d\u00eda 21 de este mes, todos los productores de la zona se reunir\u00e1n para tomar las acciones pertinentes.<\/p>\n<p>Dijo que el comit\u00e9 de producci\u00f3n del ingenio San Pedro cuenta con distintos personajes que lo conforman que por la ineptitud han dejado y atentando en contra de los intereses de los productores dejando que la f\u00e1brica haga la cosecha, las cuales fue el motivo de que m\u00e1s 20<br \/>\nmil toneladas quedaron en campo afectando en su totalidad la econom\u00eda de los productores donde al final no les interesa si otorga el porcentaje que deben aplicar y terminar esos recursos en el bolsillo de los que conforman dicho comit\u00e9.<\/p>\n<p>Finalmente dio a conocer que \u201cel gasto de corte tambi\u00e9n tiene un problema por que en el mes<br \/>\nde diciembre a febrero hubo un costo de 70 pesos sin propinas o complementos, pero en los meses de marzo a cierre de zafra estuvo 70 m\u00e1s un complemento de 30 m\u00e1s una propina de 150 por tajos con un total de 250 un gasto innecesario que solo afect\u00f3 econ\u00f3micamente a los productores d\u00f3nde el comit\u00e9 arbitrariamente aprob\u00f3 todo sin tener ninguna recuperaci\u00f3n por parte de dicho comit\u00e9\u201d.<\/p>\n","protected":false},"excerpt":{"rendered":"<p>Dar\u00edo Pale Xalapa, Ver.- Productores de ca\u00f1a del ejido \u00c1ngel R. Cabada denunciaron que 5 mil 400 trabajadores de la industria resultan afectados por el bajo precio del producto, adem\u00e1s de que sus l\u00edderes no los han defendido. En conferencia de prensa, se\u00f1alaron a Jes\u00fas Chagala Medina, Aron Temix Oliveros y a Luis Dionicio Rojas [&hellip;]<\/p>\n","protected":false},"author":2476,"featured_media":69309,"comment_status":"open","ping_status":"open","sticky":false,"template":"","format":"standard","meta":{"_jetpack_memberships_contains_paid_content":false,"footnotes":""},"categories":[2],"tags":[],"class_list":["post-69308","post","type-post","status-publish","format-standard","has-post-thumbnail","hentry","category-estado"],"jetpack_featured_media_url":"https:\/\/encuentroinformativo.com.mx\/wp-content\/uploads\/2025\/07\/IMG-20250714-WA0292.jpg","jetpack_sharing_enabled":true,"jetpack_likes_enabled":true,"amp_enabled":true,"_links":{"self":[{"href":"https:\/\/encuentroinformativo.com.mx\/index.php?rest_route=\/wp\/v2\/posts\/69308","targetHints":{"allow":["GET"]}}],"collection":[{"href":"https:\/\/encuentroinformativo.com.mx\/index.php?rest_route=\/wp\/v2\/posts"}],"about":[{"href":"https:\/\/encuentroinformativo.com.mx\/index.php?rest_route=\/wp\/v2\/types\/post"}],"author":[{"embeddable":true,"href":"https:\/\/encuentroinformativo.com.mx\/index.php?rest_route=\/wp\/v2\/users\/2476"}],"replies":[{"embeddable":true,"href":"https:\/\/encuentroinformativo.com.mx\/index.php?rest_route=%2Fwp%2Fv2%2Fcomments&post=69308"}],"version-history":[{"count":1,"href":"https:\/\/encuentroinformativo.com.mx\/index.php?rest_route=\/wp\/v2\/posts\/69308\/revisions"}],"predecessor-version":[{"id":69310,"href":"https:\/\/encuentroinformativo.com.mx\/index.php?rest_route=\/wp\/v2\/posts\/69308\/revisions\/69310"}],"wp:featuredmedia":[{"embeddable":true,"href":"https:\/\/encuentroinformativo.com.mx\/index.php?rest_route=\/wp\/v2\/media\/69309"}],"wp:attachment":[{"href":"https:\/\/encuentroinformativo.com.mx\/index.php?rest_route=%2Fwp%2Fv2%2Fmedia&parent=69308"}],"wp:term":[{"taxonomy":"category","embeddable":true,"href":"https:\/\/encuentroinformativo.com.mx\/index.php?rest_route=%2Fwp%2Fv2%2Fcategories&post=69308"},{"taxonomy":"post_tag","embeddable":true,"href":"https:\/\/encuentroinformativo.com.mx\/index.php?rest_route=%2Fwp%2Fv2%2Ftags&post=69308"}],"curies":[{"name":"wp","href":"https:\/\/api.w.org\/{rel}","templated":true}]}}