{"id":69323,"date":"2025-07-15T12:51:47","date_gmt":"2025-07-15T18:51:47","guid":{"rendered":"https:\/\/encuentroinformativo.com.mx\/?p=69323"},"modified":"2025-07-15T12:51:47","modified_gmt":"2025-07-15T18:51:47","slug":"manifestante-en-huelga-de-hambre-demanda-atencion-de-las-autoridades","status":"publish","type":"post","link":"https:\/\/encuentroinformativo.com.mx\/?p=69323","title":{"rendered":"Manifestante en huelga de hambre, demanda atenci\u00f3n de las autoridades"},"content":{"rendered":"<p><strong>Dar\u00edo Pale<\/strong><\/p>\n<p>Xalapa, Ver.- Ricardo quien seg\u00fan lleva 38 d\u00edas en huelga de hambre este d\u00eda se encaden\u00f3 a un poste de una l\u00e1mpara en la plaza Lerdo ya que no le han dado ninguna respuesta por parte del gobierno del Estado.<\/p>\n<p>Dio a conocer que lleva varios d\u00edas solicitando que lo atiendan pero a la falta de respuesta por parte de las autoridades estatales, a quienes ha solicitado medidas de protecci\u00f3n tras haber recibido amenazas de muerte.<\/p>\n<p>Ricardo asegura que dichas amenazas surgieron luego de presentar una denuncia ante la Fiscal\u00eda General del Estado, en el municipio de Coatzacoalcos. Debido a la gravedad de la situaci\u00f3n, exige ser recibido personalmente por la gobernadora de Veracruz, Roc\u00edo Nahle.<\/p>\n<p>En un acto de presi\u00f3n, se\u00f1al\u00f3 que no ingerir\u00e1 alimentos ni agua hasta obtener una respuesta concreta por parte del gobierno estatal.<\/p>\n<p><img loading=\"lazy\" decoding=\"async\" class=\"aligncenter size-medium wp-image-69325\" src=\"https:\/\/encuentroinformativo.com.mx\/wp-content\/uploads\/2025\/07\/IMG-20250715-WA0147-300x200.jpg\" alt=\"\" width=\"300\" height=\"200\" srcset=\"https:\/\/encuentroinformativo.com.mx\/wp-content\/uploads\/2025\/07\/IMG-20250715-WA0147-300x200.jpg 300w, https:\/\/encuentroinformativo.com.mx\/wp-content\/uploads\/2025\/07\/IMG-20250715-WA0147-1024x682.jpg 1024w, https:\/\/encuentroinformativo.com.mx\/wp-content\/uploads\/2025\/07\/IMG-20250715-WA0147-768x512.jpg 768w, https:\/\/encuentroinformativo.com.mx\/wp-content\/uploads\/2025\/07\/IMG-20250715-WA0147.jpg 1280w\" sizes=\"auto, (max-width: 300px) 100vw, 300px\" \/><\/p>\n","protected":false},"excerpt":{"rendered":"<p>Dar\u00edo Pale Xalapa, Ver.- Ricardo quien seg\u00fan lleva 38 d\u00edas en huelga de hambre este d\u00eda se encaden\u00f3 a un poste de una l\u00e1mpara en la plaza Lerdo ya que no le han dado ninguna respuesta por parte del gobierno del Estado. Dio a conocer que lleva varios d\u00edas solicitando que lo atiendan pero a [&hellip;]<\/p>\n","protected":false},"author":2476,"featured_media":69324,"comment_status":"open","ping_status":"open","sticky":false,"template":"","format":"standard","meta":{"_jetpack_memberships_contains_paid_content":false,"footnotes":""},"categories":[3],"tags":[],"class_list":["post-69323","post","type-post","status-publish","format-standard","has-post-thumbnail","hentry","category-xalapa"],"jetpack_featured_media_url":"https:\/\/encuentroinformativo.com.mx\/wp-content\/uploads\/2025\/07\/IMG-20250715-WA0145.jpg","jetpack_sharing_enabled":true,"jetpack_likes_enabled":true,"amp_enabled":true,"_links":{"self":[{"href":"https:\/\/encuentroinformativo.com.mx\/index.php?rest_route=\/wp\/v2\/posts\/69323","targetHints":{"allow":["GET"]}}],"collection":[{"href":"https:\/\/encuentroinformativo.com.mx\/index.php?rest_route=\/wp\/v2\/posts"}],"about":[{"href":"https:\/\/encuentroinformativo.com.mx\/index.php?rest_route=\/wp\/v2\/types\/post"}],"author":[{"embeddable":true,"href":"https:\/\/encuentroinformativo.com.mx\/index.php?rest_route=\/wp\/v2\/users\/2476"}],"replies":[{"embeddable":true,"href":"https:\/\/encuentroinformativo.com.mx\/index.php?rest_route=%2Fwp%2Fv2%2Fcomments&post=69323"}],"version-history":[{"count":1,"href":"https:\/\/encuentroinformativo.com.mx\/index.php?rest_route=\/wp\/v2\/posts\/69323\/revisions"}],"predecessor-version":[{"id":69326,"href":"https:\/\/encuentroinformativo.com.mx\/index.php?rest_route=\/wp\/v2\/posts\/69323\/revisions\/69326"}],"wp:featuredmedia":[{"embeddable":true,"href":"https:\/\/encuentroinformativo.com.mx\/index.php?rest_route=\/wp\/v2\/media\/69324"}],"wp:attachment":[{"href":"https:\/\/encuentroinformativo.com.mx\/index.php?rest_route=%2Fwp%2Fv2%2Fmedia&parent=69323"}],"wp:term":[{"taxonomy":"category","embeddable":true,"href":"https:\/\/encuentroinformativo.com.mx\/index.php?rest_route=%2Fwp%2Fv2%2Fcategories&post=69323"},{"taxonomy":"post_tag","embeddable":true,"href":"https:\/\/encuentroinformativo.com.mx\/index.php?rest_route=%2Fwp%2Fv2%2Ftags&post=69323"}],"curies":[{"name":"wp","href":"https:\/\/api.w.org\/{rel}","templated":true}]}}