{"id":69327,"date":"2025-07-15T12:59:37","date_gmt":"2025-07-15T18:59:37","guid":{"rendered":"https:\/\/encuentroinformativo.com.mx\/?p=69327"},"modified":"2025-07-15T12:59:37","modified_gmt":"2025-07-15T18:59:37","slug":"docentes-de-la-normal-reclaman-pago-de-estimulos","status":"publish","type":"post","link":"https:\/\/encuentroinformativo.com.mx\/?p=69327","title":{"rendered":"Docentes de la Normal reclaman pago de est\u00edmulos"},"content":{"rendered":"<p><strong>Dar\u00edo Pale<\/strong><\/p>\n<p>Xalapa, Ver.- Esta ma\u00f1ana docentes de la Benem\u00e9rita Escuela Normal Veracruzana (BENV) &#8220;Enrique C. R\u00e9bsamen\u201d, tomaron las instalaciones, debido al incumplimiento de la Secretar\u00eda de Educaci\u00f3n del pago del Est\u00edmulo al Desempe\u00f1o Docente.<\/p>\n<p>Se\u00f1alaron que se trata de un derecho ganado y que las autoridades educativas se niegan a cumplir, esto a pesar de qu\u00e9 ya les hab\u00edan asegurado que en breve se les har\u00eda el dep\u00f3sito.<\/p>\n<p>&#8220;Hemos decidido tomar las instalaciones de la Benem\u00e9rita Escuela Normal Veracruzana \u201cEnrique C. R\u00e9bsamen\u201d este 15 de julio de 2025. \u00bfLa raz\u00f3n?, el incumplimiento del pago del Est\u00edmulo al Desempe\u00f1o Docente, un derecho ganado con esfuerzo, compromiso y resultados, que las autoridades educativas del estado de Veracruz se niegan a cumplir&#8221;, acusaron.<\/p>\n<p>El profesor H\u00e9ctor P\u00e9rez expuso que fueron convocados a firmar y les aseguraron que el dep\u00f3sito se har\u00eda \u201cpronto\u201d, sin embargo, se\u00f1al\u00f3 que han guardado silencio y han faltado a su palabra.<\/p>\n<p>Asimismo, indicaron que se trata de una protesta pac\u00edfica y que buscan visibilizar el abandono institucional, la indiferencia hacia el magisterio normalista y la simulaci\u00f3n de compromisos que no se cumplen.<\/p>\n<p>\u201cNo estamos aqu\u00ed por gusto, estamos porque estamos hartos. Porque nuestra vocaci\u00f3n no cancela nuestro derecho a ser tratados con respeto, porque el trabajo docente no se agradece con discursos, se reconoce con hechos\u201d, manifest\u00f3 el docente inconforme.<\/p>\n<p>Finalmente cabe se\u00f1alar que, el cierre del plantel dej\u00f3 afectaciones colaterales, pues algunas escuelas como la Secundaria General 2 y la General 5 llevar\u00edan a cabo sus clausuras en el auditorio de la BENV, por lo que ante la protesta, tuvieron que cancelar sus festejos con la inconformidad de padres de familia.<\/p>\n<p>&nbsp;<\/p>\n","protected":false},"excerpt":{"rendered":"<p>Dar\u00edo Pale Xalapa, Ver.- Esta ma\u00f1ana docentes de la Benem\u00e9rita Escuela Normal Veracruzana (BENV) &#8220;Enrique C. R\u00e9bsamen\u201d, tomaron las instalaciones, debido al incumplimiento de la Secretar\u00eda de Educaci\u00f3n del pago del Est\u00edmulo al Desempe\u00f1o Docente. Se\u00f1alaron que se trata de un derecho ganado y que las autoridades educativas se niegan a cumplir, esto a pesar [&hellip;]<\/p>\n","protected":false},"author":2476,"featured_media":69328,"comment_status":"open","ping_status":"open","sticky":false,"template":"","format":"standard","meta":{"_jetpack_memberships_contains_paid_content":false,"footnotes":""},"categories":[3],"tags":[],"class_list":["post-69327","post","type-post","status-publish","format-standard","has-post-thumbnail","hentry","category-xalapa"],"jetpack_featured_media_url":"https:\/\/encuentroinformativo.com.mx\/wp-content\/uploads\/2025\/07\/IMG-20250715-WA0143.jpg","jetpack_sharing_enabled":true,"jetpack_likes_enabled":true,"amp_enabled":true,"_links":{"self":[{"href":"https:\/\/encuentroinformativo.com.mx\/index.php?rest_route=\/wp\/v2\/posts\/69327","targetHints":{"allow":["GET"]}}],"collection":[{"href":"https:\/\/encuentroinformativo.com.mx\/index.php?rest_route=\/wp\/v2\/posts"}],"about":[{"href":"https:\/\/encuentroinformativo.com.mx\/index.php?rest_route=\/wp\/v2\/types\/post"}],"author":[{"embeddable":true,"href":"https:\/\/encuentroinformativo.com.mx\/index.php?rest_route=\/wp\/v2\/users\/2476"}],"replies":[{"embeddable":true,"href":"https:\/\/encuentroinformativo.com.mx\/index.php?rest_route=%2Fwp%2Fv2%2Fcomments&post=69327"}],"version-history":[{"count":1,"href":"https:\/\/encuentroinformativo.com.mx\/index.php?rest_route=\/wp\/v2\/posts\/69327\/revisions"}],"predecessor-version":[{"id":69329,"href":"https:\/\/encuentroinformativo.com.mx\/index.php?rest_route=\/wp\/v2\/posts\/69327\/revisions\/69329"}],"wp:featuredmedia":[{"embeddable":true,"href":"https:\/\/encuentroinformativo.com.mx\/index.php?rest_route=\/wp\/v2\/media\/69328"}],"wp:attachment":[{"href":"https:\/\/encuentroinformativo.com.mx\/index.php?rest_route=%2Fwp%2Fv2%2Fmedia&parent=69327"}],"wp:term":[{"taxonomy":"category","embeddable":true,"href":"https:\/\/encuentroinformativo.com.mx\/index.php?rest_route=%2Fwp%2Fv2%2Fcategories&post=69327"},{"taxonomy":"post_tag","embeddable":true,"href":"https:\/\/encuentroinformativo.com.mx\/index.php?rest_route=%2Fwp%2Fv2%2Ftags&post=69327"}],"curies":[{"name":"wp","href":"https:\/\/api.w.org\/{rel}","templated":true}]}}