{"id":6933,"date":"2020-10-15T13:11:02","date_gmt":"2020-10-15T18:11:02","guid":{"rendered":"https:\/\/encuentroinformativo.com.mx\/?p=6933"},"modified":"2020-10-15T13:11:04","modified_gmt":"2020-10-15T18:11:04","slug":"iniciaran-toma-de-puertos-como-rechazo-a-militarizacion-profesionistas-mercantes","status":"publish","type":"post","link":"https:\/\/encuentroinformativo.com.mx\/?p=6933","title":{"rendered":"Iniciar\u00e1n \u2018toma\u2019 de puertos como rechazo a militarizaci\u00f3n: Profesionistas Mercantes"},"content":{"rendered":"\n<p><strong>Dar\u00edo Pale <\/strong><\/p>\n\n\n\n<p>Xalapa, Ver.- El capit\u00e1n de Marina y\u00a0presidente de la consultor\u00eda de Profesionistas Mercantes y Puertos, Asociaci\u00f3n Civil\u00a0Faustino Su\u00e1rez Rodr\u00edguez dio a conocer que a\u00a0partir de la siguiente semana, los puertos de Veracruz y del pa\u00eds ser\u00e1n tomados para exigir que estos no sean militarizados, por lo que\u00a0reclam\u00f3 seguridad para las costas del Golfo de M\u00e9xico, donde desde hace cinco a\u00f1os a la fecha hay un promedio de 200 casos de pirater\u00eda.<\/p>\n\n\n\n<p>En conferencia de prensa realizada en conocido caf\u00e9 del centro de Xalapa,\u00a0coment\u00f3 que en caso de que la federaci\u00f3n opte por militarizar, ser\u00e1n afectados un promedio de 10 mil trabajadores en el estado de Veracruz.<\/p>\n\n\n\n<p>\u201cEs que la propuesta de Ley que present\u00f3 la diputada Juanita Guerra Mena, pide transferir todas las atribuciones de la Marina Mercante a la Secretar\u00eda Armada de M\u00e9xico a pesar de todo el trabajo de cabildeo que hicimos en el Senado de la Rep\u00fablica, desafortunadamente el partido que apoyamos que fue Morena, votaron a favor de esta iniciativa\u201d.<\/p>\n\n\n\n<p>Dio a conocer que el tema ya pas\u00f3 al Senado y se ha cabildeado con otras fracciones a quienes se les ha expuesto las razones del porqu\u00e9 no est\u00e1n de acuerdo en la militarizaci\u00f3n,\u00a0\u201cnada tiene que ver la corrupci\u00f3n que manifiestan en las Aduanas ya que las Aduanas es otro ente es el que verifica las salidas y entradas de las cargas en los puertos. Los puertos solamente dan los servicios a las embarcaciones navieras, la Marina Mercante, somos los que tripulamos y comandamos las embarcaciones, no somos empleados del Gobierno Federal as\u00ed que no nos pueden decir que somos corruptos porque no somos funcionarios\u201d.<\/p>\n\n\n\n<p>Tambi\u00e9n indic\u00f3 que si a la federaci\u00f3n le interesa tener control de la seguridad, \u201ces su obligaci\u00f3n defender nuestras costas, nuestros mares y a la Patria y no lo est\u00e1n haciendo. Desde 2015 a la fecha van m\u00e1s de 200 actos de pirater\u00eda en las costas del Golfo de M\u00e9xico y no se ha hecho nada\u201d.<\/p>\n","protected":false},"excerpt":{"rendered":"<p>Dar\u00edo Pale Xalapa, Ver.- El capit\u00e1n de Marina y\u00a0presidente de la consultor\u00eda de Profesionistas Mercantes y Puertos, Asociaci\u00f3n Civil\u00a0Faustino Su\u00e1rez Rodr\u00edguez dio a conocer que a\u00a0partir de la siguiente semana, los puertos de Veracruz y del pa\u00eds ser\u00e1n tomados para exigir que estos no sean militarizados, por lo que\u00a0reclam\u00f3 seguridad para las costas del Golfo [&hellip;]<\/p>\n","protected":false},"author":1,"featured_media":6934,"comment_status":"open","ping_status":"open","sticky":false,"template":"","format":"standard","meta":{"_jetpack_memberships_contains_paid_content":false,"footnotes":""},"categories":[2],"tags":[],"class_list":["post-6933","post","type-post","status-publish","format-standard","has-post-thumbnail","hentry","category-estado"],"jetpack_featured_media_url":"https:\/\/encuentroinformativo.com.mx\/wp-content\/uploads\/2020\/10\/B613AB2F-63D5-49F9-88FF-D37C45DD4D9D.jpeg","jetpack_sharing_enabled":true,"jetpack_likes_enabled":true,"amp_enabled":true,"_links":{"self":[{"href":"https:\/\/encuentroinformativo.com.mx\/index.php?rest_route=\/wp\/v2\/posts\/6933","targetHints":{"allow":["GET"]}}],"collection":[{"href":"https:\/\/encuentroinformativo.com.mx\/index.php?rest_route=\/wp\/v2\/posts"}],"about":[{"href":"https:\/\/encuentroinformativo.com.mx\/index.php?rest_route=\/wp\/v2\/types\/post"}],"author":[{"embeddable":true,"href":"https:\/\/encuentroinformativo.com.mx\/index.php?rest_route=\/wp\/v2\/users\/1"}],"replies":[{"embeddable":true,"href":"https:\/\/encuentroinformativo.com.mx\/index.php?rest_route=%2Fwp%2Fv2%2Fcomments&post=6933"}],"version-history":[{"count":1,"href":"https:\/\/encuentroinformativo.com.mx\/index.php?rest_route=\/wp\/v2\/posts\/6933\/revisions"}],"predecessor-version":[{"id":6935,"href":"https:\/\/encuentroinformativo.com.mx\/index.php?rest_route=\/wp\/v2\/posts\/6933\/revisions\/6935"}],"wp:featuredmedia":[{"embeddable":true,"href":"https:\/\/encuentroinformativo.com.mx\/index.php?rest_route=\/wp\/v2\/media\/6934"}],"wp:attachment":[{"href":"https:\/\/encuentroinformativo.com.mx\/index.php?rest_route=%2Fwp%2Fv2%2Fmedia&parent=6933"}],"wp:term":[{"taxonomy":"category","embeddable":true,"href":"https:\/\/encuentroinformativo.com.mx\/index.php?rest_route=%2Fwp%2Fv2%2Fcategories&post=6933"},{"taxonomy":"post_tag","embeddable":true,"href":"https:\/\/encuentroinformativo.com.mx\/index.php?rest_route=%2Fwp%2Fv2%2Ftags&post=6933"}],"curies":[{"name":"wp","href":"https:\/\/api.w.org\/{rel}","templated":true}]}}