{"id":69330,"date":"2025-07-15T13:05:40","date_gmt":"2025-07-15T19:05:40","guid":{"rendered":"https:\/\/encuentroinformativo.com.mx\/?p=69330"},"modified":"2025-07-15T13:05:40","modified_gmt":"2025-07-15T19:05:40","slug":"exito-en-veracruz-del-weekend-in-fashion-mexico-2025","status":"publish","type":"post","link":"https:\/\/encuentroinformativo.com.mx\/?p=69330","title":{"rendered":"\u00c9xito en Veracruz del Weekend In Fashion M\u00e9xico 2025"},"content":{"rendered":"<p><strong>Alejandro \u00c1vila<\/strong><\/p>\n<p>Boca del R\u00edo, Ver.- La zona conurbada Veracruz\/Boca del R\u00edo se convirti\u00f3 en el epicentro de la moda internacional con la exitosa gala Weekend In Fashion M\u00e9xico, que reuni\u00f3 a invitados especiales, dise\u00f1adores, empresarios y personalidades del mundo de la moda y el dise\u00f1o.<\/p>\n<p>El p\u00fablico qued\u00f3 impresionado con las colecciones presentadas por Yeshua Herrera, Miguel \u00c1ngel Sosme, Naviolinda Zacar\u00edas y el Colectivo BJXModa de Paco Granados.<\/p>\n<p>La colecci\u00f3n &#8220;Blanco&#8221; de Yeshua Herrera destac\u00f3 por su elegancia y simplicidad, mientras que &#8220;Azul de Veracruz&#8221; de Miguel \u00c1ngel Sosme y Naviolinda Zacar\u00edas cautiv\u00f3 con sus atuendos en lino con bordados artesanales veracruzanos.<\/p>\n<p>Y desde el Baj\u00edo mexicano, el Colectivo BJXModa de Paco Granados cerr\u00f3 la gala con su colecci\u00f3n &#8220;Experiencia Guanajuato&#8221;, que mostr\u00f3 siluetas sueltas, modernas e innovadoras.<\/p>\n<p>Cabe mencionar que la espectacular gala de moda sirvi\u00f3 de marco de inauguraci\u00f3n y presentaci\u00f3n del sal\u00f3n &#8220;Boca del R\u00edo&#8221; del hotel Galer\u00eda Plaza Veracruz.<\/p>\n<p>Claudia Ortiz Hern\u00e1ndez, directora de Factory Fashion M\u00e9xico y coordinadora general del Weekend In Fashion M\u00e9xico By Grupo Brisas en Veracruz, coment\u00f3: &#8220;En 2025 la elegancia encuentra su causa. Dedicamos esta edici\u00f3n al arte de vestir con intenci\u00f3n, donde el estilo rinde homenaje a la Tierra a trav\u00e9s de la responsabilidad&#8221;.<\/p>\n<p>El Weekend In Fashion M\u00e9xico demostr\u00f3 que en Veracruz se consume moda y se hace moda. La ciudad se consolid\u00f3 como un destino importante para la industria de la moda en M\u00e9xico.<\/p>\n<p>Claudia Ortiz Hern\u00e1ndez, directora de Factory Fashion M\u00e9xico y coordinadora general del Weekend In Fashion M\u00e9xico By Grupo Brisas en Veracruz; Abraham Neri, Director de Producci\u00f3n Audiovisual del Weekend In Fashion M\u00e9xico\/Veracruz y todo su equipo de trabajo se mostraron contentos y agradecidos con este magno evento de moda en donde qued\u00f3 demostrado que en Veracruz se consume moda y se hace moda.<\/p>\n","protected":false},"excerpt":{"rendered":"<p>Alejandro \u00c1vila Boca del R\u00edo, Ver.- La zona conurbada Veracruz\/Boca del R\u00edo se convirti\u00f3 en el epicentro de la moda internacional con la exitosa gala Weekend In Fashion M\u00e9xico, que reuni\u00f3 a invitados especiales, dise\u00f1adores, empresarios y personalidades del mundo de la moda y el dise\u00f1o. El p\u00fablico qued\u00f3 impresionado con las colecciones presentadas por [&hellip;]<\/p>\n","protected":false},"author":2476,"featured_media":69331,"comment_status":"open","ping_status":"open","sticky":false,"template":"","format":"standard","meta":{"_jetpack_memberships_contains_paid_content":false,"footnotes":""},"categories":[2],"tags":[],"class_list":["post-69330","post","type-post","status-publish","format-standard","has-post-thumbnail","hentry","category-estado"],"jetpack_featured_media_url":"https:\/\/encuentroinformativo.com.mx\/wp-content\/uploads\/2025\/07\/IMG-20250715-WA01872.jpg","jetpack_sharing_enabled":true,"jetpack_likes_enabled":true,"amp_enabled":true,"_links":{"self":[{"href":"https:\/\/encuentroinformativo.com.mx\/index.php?rest_route=\/wp\/v2\/posts\/69330","targetHints":{"allow":["GET"]}}],"collection":[{"href":"https:\/\/encuentroinformativo.com.mx\/index.php?rest_route=\/wp\/v2\/posts"}],"about":[{"href":"https:\/\/encuentroinformativo.com.mx\/index.php?rest_route=\/wp\/v2\/types\/post"}],"author":[{"embeddable":true,"href":"https:\/\/encuentroinformativo.com.mx\/index.php?rest_route=\/wp\/v2\/users\/2476"}],"replies":[{"embeddable":true,"href":"https:\/\/encuentroinformativo.com.mx\/index.php?rest_route=%2Fwp%2Fv2%2Fcomments&post=69330"}],"version-history":[{"count":1,"href":"https:\/\/encuentroinformativo.com.mx\/index.php?rest_route=\/wp\/v2\/posts\/69330\/revisions"}],"predecessor-version":[{"id":69332,"href":"https:\/\/encuentroinformativo.com.mx\/index.php?rest_route=\/wp\/v2\/posts\/69330\/revisions\/69332"}],"wp:featuredmedia":[{"embeddable":true,"href":"https:\/\/encuentroinformativo.com.mx\/index.php?rest_route=\/wp\/v2\/media\/69331"}],"wp:attachment":[{"href":"https:\/\/encuentroinformativo.com.mx\/index.php?rest_route=%2Fwp%2Fv2%2Fmedia&parent=69330"}],"wp:term":[{"taxonomy":"category","embeddable":true,"href":"https:\/\/encuentroinformativo.com.mx\/index.php?rest_route=%2Fwp%2Fv2%2Fcategories&post=69330"},{"taxonomy":"post_tag","embeddable":true,"href":"https:\/\/encuentroinformativo.com.mx\/index.php?rest_route=%2Fwp%2Fv2%2Ftags&post=69330"}],"curies":[{"name":"wp","href":"https:\/\/api.w.org\/{rel}","templated":true}]}}