{"id":69333,"date":"2025-07-15T13:12:25","date_gmt":"2025-07-15T19:12:25","guid":{"rendered":"https:\/\/encuentroinformativo.com.mx\/?p=69333"},"modified":"2025-07-15T13:12:25","modified_gmt":"2025-07-15T19:12:25","slug":"veracruz-segundo-lugar-en-crimenes-de-odio-durante-2025","status":"publish","type":"post","link":"https:\/\/encuentroinformativo.com.mx\/?p=69333","title":{"rendered":"Veracruz segundo lugar en cr\u00edmenes de odio durante 2025"},"content":{"rendered":"<p><strong>Alejandro \u00c1vila<\/strong><\/p>\n<p>Veracruz, Ver.- El estado de Veracruz se coloca en el segundo lugar de cr\u00edmenes de odio en lo que va del 2025; en la entidad veracruzana se han registrado cuatro lamentables sucesos de este tipo.<\/p>\n<p>&#8220;En el estado llevamos cuatro, que son tres mujeres trans, un chico gay, y a nivel nacional van 10 (&#8230;) s\u00ed, lo que pasa es que Veracruz es uno de los mayores estados con \u00edndice de transfeminicidio o lgbtfobia, entonces por ende somos uno de los estados principales en ese tipo de casos&#8221;, expres\u00f3 Aruna Rafaela Pulido Cano, activista.<\/p>\n<p>En otro tema se inform\u00f3 que, la comunidad LGBTIQ+ de Veracruz y Boca del R\u00edo, realizar\u00e1 el pr\u00f3ximo 20 de julio la Marcha del Orgullo, donde se espera la asistencia de al menos 10 mil personas.<\/p>\n<p>Cabe mencionar que, el d\u00eda de la conmemoraci\u00f3n de la diversidad sexual es el 28 de junio, pero el evento no se pudo realizar en esa fecha debido al Carnaval de Veracruz, puntualiz\u00f3 la coordinadora de la marcha, Vianey Jeffrey.<\/p>\n<p>\u201cLa marcha se va realizar el d\u00eda 20 de este mes, y va a ser en Boulevard Manuel \u00c1vila Camacho, vamos a empezar en el hotel Lois se est\u00e1 citando a las personas a las cinco de la tarde, para empezar m\u00e1s o menos a las seis y terminaremos en la Plaza Migrante\u201d, indic\u00f3.<\/p>\n<p>La edici\u00f3n 14 de la marcha del orgullo incluir\u00e1 carros aleg\u00f3ricos y participaci\u00f3n de municipios, como San Andr\u00e9s Tuxtla, Alvarado, Xalapa y Tlacotalpan.<\/p>\n","protected":false},"excerpt":{"rendered":"<p>Alejandro \u00c1vila Veracruz, Ver.- El estado de Veracruz se coloca en el segundo lugar de cr\u00edmenes de odio en lo que va del 2025; en la entidad veracruzana se han registrado cuatro lamentables sucesos de este tipo. &#8220;En el estado llevamos cuatro, que son tres mujeres trans, un chico gay, y a nivel nacional van [&hellip;]<\/p>\n","protected":false},"author":2476,"featured_media":69334,"comment_status":"open","ping_status":"open","sticky":false,"template":"","format":"standard","meta":{"_jetpack_memberships_contains_paid_content":false,"footnotes":""},"categories":[2],"tags":[],"class_list":["post-69333","post","type-post","status-publish","format-standard","has-post-thumbnail","hentry","category-estado"],"jetpack_featured_media_url":"https:\/\/encuentroinformativo.com.mx\/wp-content\/uploads\/2025\/07\/IMG-20250715-WA0188.jpg","jetpack_sharing_enabled":true,"jetpack_likes_enabled":true,"amp_enabled":true,"_links":{"self":[{"href":"https:\/\/encuentroinformativo.com.mx\/index.php?rest_route=\/wp\/v2\/posts\/69333","targetHints":{"allow":["GET"]}}],"collection":[{"href":"https:\/\/encuentroinformativo.com.mx\/index.php?rest_route=\/wp\/v2\/posts"}],"about":[{"href":"https:\/\/encuentroinformativo.com.mx\/index.php?rest_route=\/wp\/v2\/types\/post"}],"author":[{"embeddable":true,"href":"https:\/\/encuentroinformativo.com.mx\/index.php?rest_route=\/wp\/v2\/users\/2476"}],"replies":[{"embeddable":true,"href":"https:\/\/encuentroinformativo.com.mx\/index.php?rest_route=%2Fwp%2Fv2%2Fcomments&post=69333"}],"version-history":[{"count":1,"href":"https:\/\/encuentroinformativo.com.mx\/index.php?rest_route=\/wp\/v2\/posts\/69333\/revisions"}],"predecessor-version":[{"id":69335,"href":"https:\/\/encuentroinformativo.com.mx\/index.php?rest_route=\/wp\/v2\/posts\/69333\/revisions\/69335"}],"wp:featuredmedia":[{"embeddable":true,"href":"https:\/\/encuentroinformativo.com.mx\/index.php?rest_route=\/wp\/v2\/media\/69334"}],"wp:attachment":[{"href":"https:\/\/encuentroinformativo.com.mx\/index.php?rest_route=%2Fwp%2Fv2%2Fmedia&parent=69333"}],"wp:term":[{"taxonomy":"category","embeddable":true,"href":"https:\/\/encuentroinformativo.com.mx\/index.php?rest_route=%2Fwp%2Fv2%2Fcategories&post=69333"},{"taxonomy":"post_tag","embeddable":true,"href":"https:\/\/encuentroinformativo.com.mx\/index.php?rest_route=%2Fwp%2Fv2%2Ftags&post=69333"}],"curies":[{"name":"wp","href":"https:\/\/api.w.org\/{rel}","templated":true}]}}