{"id":69349,"date":"2025-07-15T13:45:55","date_gmt":"2025-07-15T19:45:55","guid":{"rendered":"https:\/\/encuentroinformativo.com.mx\/?p=69349"},"modified":"2025-07-15T13:45:55","modified_gmt":"2025-07-15T19:45:55","slug":"implementara-gobierno-federal-rutas-de-la-salud","status":"publish","type":"post","link":"https:\/\/encuentroinformativo.com.mx\/?p=69349","title":{"rendered":"Implementar\u00e1 Gobierno Federal &#8220;Rutas de la Salud&#8221;"},"content":{"rendered":"<p><strong>Dar\u00edo Pale<\/strong><\/p>\n<p>Xalapa, Ver.- La presidenta de M\u00e9xico Claudia Sheinbaum Pardo en \u201cLa Ma\u00f1anera del Pueblo\u201d desde Palacio Nacional, present\u00f3 el plan denominado \u201cRutas de la Salud\u201d, el cual servir\u00e1 para la distribuci\u00f3n de medicamentos a trav\u00e9s de camiones y camionetas en el pa\u00eds.<\/p>\n<p>Dicho plan, presentado por el subsecretario de Integraci\u00f3n y Desarrollo del Sector Salud, Eduardo Clark, tendr\u00e1 banderazo de salida en agosto y est\u00e1 basado en el programa \u201cCamionetitas de la Salud\u201d, que implementa el Gobierno del Estado de Veracruz y fue creado por la gobernadora Roc\u00edo Nahle Garc\u00eda.<\/p>\n<p>\u201cA partir de agosto iniciar\u00e1n los recorridos en el pa\u00eds y llegar\u00e1n a todos los centros de salud a lo ancho y largo de M\u00e9xico, en coordinaci\u00f3n con los gobiernos de las entidades federativas para aprovechar el profundo conocimiento operativo y territorial de las jurisdicciones sanitarias\u201d, esto en la presentaci\u00f3n realizada durante la conferencia de prensa.<\/p>\n<p>Dicho programa federal arranca con 96 camiones de 3.5 toneladas, 38 camiones de 1.5 toneladas, 35 cajas sanitarias y 27 cajas refrigeradas, m\u00e1s el personal, veh\u00edculos y almacenes de las jurisdicciones sanitarias de los gobiernos estatales.<\/p>\n<p>Por su parte, la presidenta Claudia Sheinbaum dio a conocer qu\u00e9 \u201cRutas de la Salud\u201d est\u00e1 basado en el programa estatal \u201cCamionetitas de la Salud\u201d.<\/p>\n<p>\u201cEstamos tomando un programa que inici\u00f3 la gobernadora de Veracruz en Veracruz. Ella le llama Camionetitas de la Salud; nosotros le llamamos Rutas de la Salud, que es un sistema de distribuci\u00f3n; nos est\u00e1n ayudando el IMSS-Bienestar, y en agosto le damos salida a todos los camiones, camionetas, camionetitas: todo lo necesario; lanchas, para llevar a todas las islas, todos los medicamentos necesarios\u201d, entonces en agosto\u201d, coment\u00f3.<\/p>\n<p>De igual manera, la jefa del Ejecutivo a\u00f1adi\u00f3 que s\u00ed se est\u00e1n surtiendo medicamentos con la actual de distribuci\u00f3n, \u201cpero lo vamos a reforzar con un sistema, adem\u00e1s de operaci\u00f3n log\u00edstica, eficiencia, digitalizaci\u00f3n, y estas Camionetas de la Salud o Rutas de la Salud que van a llegar a cada rinc\u00f3n de cada centro de salud y hospital, para que lleguen todos los medicamentos\u201d.<\/p>\n","protected":false},"excerpt":{"rendered":"<p>Dar\u00edo Pale Xalapa, Ver.- La presidenta de M\u00e9xico Claudia Sheinbaum Pardo en \u201cLa Ma\u00f1anera del Pueblo\u201d desde Palacio Nacional, present\u00f3 el plan denominado \u201cRutas de la Salud\u201d, el cual servir\u00e1 para la distribuci\u00f3n de medicamentos a trav\u00e9s de camiones y camionetas en el pa\u00eds. Dicho plan, presentado por el subsecretario de Integraci\u00f3n y Desarrollo del [&hellip;]<\/p>\n","protected":false},"author":2476,"featured_media":69350,"comment_status":"open","ping_status":"open","sticky":false,"template":"","format":"standard","meta":{"_jetpack_memberships_contains_paid_content":false,"footnotes":""},"categories":[9],"tags":[],"class_list":["post-69349","post","type-post","status-publish","format-standard","has-post-thumbnail","hentry","category-salud"],"jetpack_featured_media_url":"https:\/\/encuentroinformativo.com.mx\/wp-content\/uploads\/2025\/07\/IMG-20250715-WA0231.jpg","jetpack_sharing_enabled":true,"jetpack_likes_enabled":true,"amp_enabled":true,"_links":{"self":[{"href":"https:\/\/encuentroinformativo.com.mx\/index.php?rest_route=\/wp\/v2\/posts\/69349","targetHints":{"allow":["GET"]}}],"collection":[{"href":"https:\/\/encuentroinformativo.com.mx\/index.php?rest_route=\/wp\/v2\/posts"}],"about":[{"href":"https:\/\/encuentroinformativo.com.mx\/index.php?rest_route=\/wp\/v2\/types\/post"}],"author":[{"embeddable":true,"href":"https:\/\/encuentroinformativo.com.mx\/index.php?rest_route=\/wp\/v2\/users\/2476"}],"replies":[{"embeddable":true,"href":"https:\/\/encuentroinformativo.com.mx\/index.php?rest_route=%2Fwp%2Fv2%2Fcomments&post=69349"}],"version-history":[{"count":1,"href":"https:\/\/encuentroinformativo.com.mx\/index.php?rest_route=\/wp\/v2\/posts\/69349\/revisions"}],"predecessor-version":[{"id":69351,"href":"https:\/\/encuentroinformativo.com.mx\/index.php?rest_route=\/wp\/v2\/posts\/69349\/revisions\/69351"}],"wp:featuredmedia":[{"embeddable":true,"href":"https:\/\/encuentroinformativo.com.mx\/index.php?rest_route=\/wp\/v2\/media\/69350"}],"wp:attachment":[{"href":"https:\/\/encuentroinformativo.com.mx\/index.php?rest_route=%2Fwp%2Fv2%2Fmedia&parent=69349"}],"wp:term":[{"taxonomy":"category","embeddable":true,"href":"https:\/\/encuentroinformativo.com.mx\/index.php?rest_route=%2Fwp%2Fv2%2Fcategories&post=69349"},{"taxonomy":"post_tag","embeddable":true,"href":"https:\/\/encuentroinformativo.com.mx\/index.php?rest_route=%2Fwp%2Fv2%2Ftags&post=69349"}],"curies":[{"name":"wp","href":"https:\/\/api.w.org\/{rel}","templated":true}]}}