{"id":69355,"date":"2025-07-15T16:08:52","date_gmt":"2025-07-15T22:08:52","guid":{"rendered":"https:\/\/encuentroinformativo.com.mx\/?p=69355"},"modified":"2025-07-15T16:08:52","modified_gmt":"2025-07-15T22:08:52","slug":"anuncian-concierto-de-carlos-macias-y-sally-g-en-xalapa","status":"publish","type":"post","link":"https:\/\/encuentroinformativo.com.mx\/?p=69355","title":{"rendered":"Anuncian concierto de Carlos Mac\u00edas y Sally G en Xalapa"},"content":{"rendered":"<p><strong>Dar\u00edo Pale<\/strong><\/p>\n<p>Xalapa, Ver.- Dan a conocer la realizaci\u00f3n del concierto de Carlos Mac\u00edas y de la cantante cubano-jamaiquina, Sally G, el cual se realizar\u00e1 en el Nido del Halc\u00f3n el pr\u00f3ximo 9 de agosto a las 20:00 horas.<\/p>\n<p>En conferencia de prensa junto con la cantante cubano-jamaiquina, Sally G, expres\u00f3 que viene a esta ciudad porque la inspiraci\u00f3n de muchas de sus letras naci\u00f3 aqu\u00ed, \u201cporque aqu\u00ed tuve un par de romances\u201d.<\/p>\n<p>Esto como parte de su gira, el compositor y cantante chiapaneco, Carlos Mac\u00edas anunci\u00f3 que dar\u00e1 un concierto en esta capital el 9 de agosto, en el Nido del Halc\u00f3n a las 20:00 horas.<\/p>\n<p>\u201cEs una ciudad que me encanta, es cuna de la cultura, del arte, lo ha sido durante muchos a\u00f1os, es una ciudad muy especial para m\u00ed, que me gusta mucho\u201d, se\u00f1al\u00f3.<\/p>\n<p>Por su parte, la cantante Sally G, coment\u00f3 que antes, el 8 de agosto tendr\u00e1n una presentaci\u00f3n en el puerto de Veracruz.<\/p>\n<p>&#8220;Esperemos que vaya bien, yo creo que les va a gustar, ella tiene su talento, su manera de dominar el escenario, su repertorio\u201d, coment\u00f3.<\/p>\n<p>Estamos platicando de que yo le pueda producir algo, que hagamos un dueto para que tenga un poquito m\u00e1s de fuerza la gira&#8221;, agreg\u00f3.<\/p>\n<p>El cantautor de Basta, Amarte As\u00ed, Tu Perfume, Mil Vidas y Divina t\u00fa; afirm\u00f3 que los asistentes pueden esperar un concierto con humor, an\u00e9cdotas de los cantantes que le han grabado sus letras.<\/p>\n<p>Finalmente dijo &#8220;como les dec\u00eda, hay algunas canciones que nacieron aqu\u00ed en Xalapa, como Mil Vidas, Amarte s\u00ed, Si yo te contar\u00e1, Qu\u00e9date conmigo, Tu olvido&#8221;.<\/p>\n<p>&nbsp;<\/p>\n","protected":false},"excerpt":{"rendered":"<p>Dar\u00edo Pale Xalapa, Ver.- Dan a conocer la realizaci\u00f3n del concierto de Carlos Mac\u00edas y de la cantante cubano-jamaiquina, Sally G, el cual se realizar\u00e1 en el Nido del Halc\u00f3n el pr\u00f3ximo 9 de agosto a las 20:00 horas. En conferencia de prensa junto con la cantante cubano-jamaiquina, Sally G, expres\u00f3 que viene a esta [&hellip;]<\/p>\n","protected":false},"author":2476,"featured_media":69358,"comment_status":"open","ping_status":"open","sticky":false,"template":"","format":"standard","meta":{"_jetpack_memberships_contains_paid_content":false,"footnotes":""},"categories":[3],"tags":[],"class_list":["post-69355","post","type-post","status-publish","format-standard","has-post-thumbnail","hentry","category-xalapa"],"jetpack_featured_media_url":"https:\/\/encuentroinformativo.com.mx\/wp-content\/uploads\/2025\/07\/IMG-20250715-WA02912.jpg","jetpack_sharing_enabled":true,"jetpack_likes_enabled":true,"amp_enabled":true,"_links":{"self":[{"href":"https:\/\/encuentroinformativo.com.mx\/index.php?rest_route=\/wp\/v2\/posts\/69355","targetHints":{"allow":["GET"]}}],"collection":[{"href":"https:\/\/encuentroinformativo.com.mx\/index.php?rest_route=\/wp\/v2\/posts"}],"about":[{"href":"https:\/\/encuentroinformativo.com.mx\/index.php?rest_route=\/wp\/v2\/types\/post"}],"author":[{"embeddable":true,"href":"https:\/\/encuentroinformativo.com.mx\/index.php?rest_route=\/wp\/v2\/users\/2476"}],"replies":[{"embeddable":true,"href":"https:\/\/encuentroinformativo.com.mx\/index.php?rest_route=%2Fwp%2Fv2%2Fcomments&post=69355"}],"version-history":[{"count":1,"href":"https:\/\/encuentroinformativo.com.mx\/index.php?rest_route=\/wp\/v2\/posts\/69355\/revisions"}],"predecessor-version":[{"id":69357,"href":"https:\/\/encuentroinformativo.com.mx\/index.php?rest_route=\/wp\/v2\/posts\/69355\/revisions\/69357"}],"wp:featuredmedia":[{"embeddable":true,"href":"https:\/\/encuentroinformativo.com.mx\/index.php?rest_route=\/wp\/v2\/media\/69358"}],"wp:attachment":[{"href":"https:\/\/encuentroinformativo.com.mx\/index.php?rest_route=%2Fwp%2Fv2%2Fmedia&parent=69355"}],"wp:term":[{"taxonomy":"category","embeddable":true,"href":"https:\/\/encuentroinformativo.com.mx\/index.php?rest_route=%2Fwp%2Fv2%2Fcategories&post=69355"},{"taxonomy":"post_tag","embeddable":true,"href":"https:\/\/encuentroinformativo.com.mx\/index.php?rest_route=%2Fwp%2Fv2%2Ftags&post=69355"}],"curies":[{"name":"wp","href":"https:\/\/api.w.org\/{rel}","templated":true}]}}