{"id":69373,"date":"2025-07-16T12:50:39","date_gmt":"2025-07-16T18:50:39","guid":{"rendered":"https:\/\/encuentroinformativo.com.mx\/?p=69373"},"modified":"2025-07-16T12:50:39","modified_gmt":"2025-07-16T18:50:39","slug":"menor-de-edad-resulto-herido-de-bala-en-las-choapas","status":"publish","type":"post","link":"https:\/\/encuentroinformativo.com.mx\/?p=69373","title":{"rendered":"Menor de edad result\u00f3 herido de bala en Las Choapas"},"content":{"rendered":"<p><strong>Alejandro \u00c1vila<\/strong><\/p>\n<p>Las Choapas, Ver.- Un peque\u00f1o de 12 a\u00f1os de edad perdi\u00f3 un ri\u00f1\u00f3n tras ser herido de bala por un integrante de la banda delictiva &#8220;Los Kalimanes&#8221; en el municipio de Las Choapas.<\/p>\n<p>Los lamentables hechos ocurrieron la noche de este martes 15 de julio sobre la calle Serapio Rend\u00f3n en el Barrio de las Flores aproximadamente a las 10 de la noche.<\/p>\n<p>Los reportes indican que una familia acud\u00eda a la tienda de conveniencia para hacer algunas compras, cuando la madre fue increpada por un grupo de sujetos integrantes de la mencionada banda delictiva, el peque\u00f1o Alejandro intent\u00f3 defender a su madre, mientras su padre se hizo de palabras con ellos y se li\u00f3 a golpes, uno de los integrantes sac\u00f3 un arma de fuego y dispar\u00f3, dando la bala en la espalda del peque\u00f1o Alejandro.<\/p>\n<p>Los sujetos huyeron del sitio, mientras el padre traslad\u00f3 a su hijo en una motocicleta rumbo al hospital Pedro Coronel P\u00e9rez, en una cirug\u00eda de emergencia los m\u00e9dicos se vieron obligados a extirparle el ri\u00f1\u00f3n debido a los da\u00f1os que provoc\u00f3 la bala, el estado de salud del peque\u00f1o se reporta grave pero estable.<\/p>\n<p>Tras la denuncia ante las autoridades, se espera que en pr\u00f3ximas horas la Polic\u00eda Estatal detenga a los integrantes de la banda &#8220;Los Kalimanes&#8221;, qui\u00e9n est\u00e1n plenamente identificados por la ciudadan\u00eda ya que constantemente han sido denunciados por el robo a casa habitaci\u00f3n.<\/p>\n","protected":false},"excerpt":{"rendered":"<p>Alejandro \u00c1vila Las Choapas, Ver.- Un peque\u00f1o de 12 a\u00f1os de edad perdi\u00f3 un ri\u00f1\u00f3n tras ser herido de bala por un integrante de la banda delictiva &#8220;Los Kalimanes&#8221; en el municipio de Las Choapas. Los lamentables hechos ocurrieron la noche de este martes 15 de julio sobre la calle Serapio Rend\u00f3n en el Barrio [&hellip;]<\/p>\n","protected":false},"author":2476,"featured_media":69374,"comment_status":"open","ping_status":"open","sticky":false,"template":"","format":"standard","meta":{"_jetpack_memberships_contains_paid_content":false,"footnotes":""},"categories":[14],"tags":[],"class_list":["post-69373","post","type-post","status-publish","format-standard","has-post-thumbnail","hentry","category-policiaca"],"jetpack_featured_media_url":"https:\/\/encuentroinformativo.com.mx\/wp-content\/uploads\/2025\/07\/IMG-20250716-WA0045.jpg","jetpack_sharing_enabled":true,"jetpack_likes_enabled":true,"amp_enabled":true,"_links":{"self":[{"href":"https:\/\/encuentroinformativo.com.mx\/index.php?rest_route=\/wp\/v2\/posts\/69373","targetHints":{"allow":["GET"]}}],"collection":[{"href":"https:\/\/encuentroinformativo.com.mx\/index.php?rest_route=\/wp\/v2\/posts"}],"about":[{"href":"https:\/\/encuentroinformativo.com.mx\/index.php?rest_route=\/wp\/v2\/types\/post"}],"author":[{"embeddable":true,"href":"https:\/\/encuentroinformativo.com.mx\/index.php?rest_route=\/wp\/v2\/users\/2476"}],"replies":[{"embeddable":true,"href":"https:\/\/encuentroinformativo.com.mx\/index.php?rest_route=%2Fwp%2Fv2%2Fcomments&post=69373"}],"version-history":[{"count":1,"href":"https:\/\/encuentroinformativo.com.mx\/index.php?rest_route=\/wp\/v2\/posts\/69373\/revisions"}],"predecessor-version":[{"id":69375,"href":"https:\/\/encuentroinformativo.com.mx\/index.php?rest_route=\/wp\/v2\/posts\/69373\/revisions\/69375"}],"wp:featuredmedia":[{"embeddable":true,"href":"https:\/\/encuentroinformativo.com.mx\/index.php?rest_route=\/wp\/v2\/media\/69374"}],"wp:attachment":[{"href":"https:\/\/encuentroinformativo.com.mx\/index.php?rest_route=%2Fwp%2Fv2%2Fmedia&parent=69373"}],"wp:term":[{"taxonomy":"category","embeddable":true,"href":"https:\/\/encuentroinformativo.com.mx\/index.php?rest_route=%2Fwp%2Fv2%2Fcategories&post=69373"},{"taxonomy":"post_tag","embeddable":true,"href":"https:\/\/encuentroinformativo.com.mx\/index.php?rest_route=%2Fwp%2Fv2%2Ftags&post=69373"}],"curies":[{"name":"wp","href":"https:\/\/api.w.org\/{rel}","templated":true}]}}