{"id":69379,"date":"2025-07-16T12:58:16","date_gmt":"2025-07-16T18:58:16","guid":{"rendered":"https:\/\/encuentroinformativo.com.mx\/?p=69379"},"modified":"2025-07-16T12:58:16","modified_gmt":"2025-07-16T18:58:16","slug":"el-carnaval-en-febrero-es-la-segunda-economia-del-ano-buchaca","status":"publish","type":"post","link":"https:\/\/encuentroinformativo.com.mx\/?p=69379","title":{"rendered":"El Carnaval en febrero es la segunda econom\u00eda del a\u00f1o: Buchaca"},"content":{"rendered":"<p><strong>Alejandro \u00c1vila<\/strong><\/p>\n<p>Veracruz, Ver.- Para el empresario restaurantero, V\u00edctor Morales Azamar &#8220;Buchaca&#8221;, el regreso del Carnaval de Veracruz a sus fechas originales en el mes de febrero, representa la segunda econom\u00eda del a\u00f1o.<\/p>\n<p>El ex Rey de Carnaval dijo que para los comerciantes jarochos, diciembre representa la primer econom\u00eda, el Carnaval la segunda y, posteriormente, Semana Santa en abril.<\/p>\n<p>Sobre la presunta premura para organizar la edici\u00f3n 2026, ya que se tiene menos de 1 a\u00f1o para llevarlo a cabo, expuso lo siguiente.<\/p>\n<p>&#8220;Yo pienso que ahora si va a venir mucha mucha gente (&#8230;) ment\u00edan al pueblo que ven\u00eda 2 millones de personas -en junio- es mentira, todos sabemos la demanda que todas las gradas estaban vac\u00edas (&#8230;) 96 a\u00f1os ha estado el Carnaval en febrero, como es posible que 4 a\u00f1os, si vieron que la primera les sali\u00f3 mal y la segunda les sali\u00f3 mal y la tercera les sali\u00f3 mal, porque no lo regresan a febrero&#8221;, culmin\u00f3.<\/p>\n","protected":false},"excerpt":{"rendered":"<p>Alejandro \u00c1vila Veracruz, Ver.- Para el empresario restaurantero, V\u00edctor Morales Azamar &#8220;Buchaca&#8221;, el regreso del Carnaval de Veracruz a sus fechas originales en el mes de febrero, representa la segunda econom\u00eda del a\u00f1o. El ex Rey de Carnaval dijo que para los comerciantes jarochos, diciembre representa la primer econom\u00eda, el Carnaval la segunda y, posteriormente, [&hellip;]<\/p>\n","protected":false},"author":2476,"featured_media":69380,"comment_status":"open","ping_status":"open","sticky":false,"template":"","format":"standard","meta":{"_jetpack_memberships_contains_paid_content":false,"footnotes":""},"categories":[2],"tags":[],"class_list":["post-69379","post","type-post","status-publish","format-standard","has-post-thumbnail","hentry","category-estado"],"jetpack_featured_media_url":"https:\/\/encuentroinformativo.com.mx\/wp-content\/uploads\/2025\/07\/IMG-20250716-WA0056.jpg","jetpack_sharing_enabled":true,"jetpack_likes_enabled":true,"amp_enabled":true,"_links":{"self":[{"href":"https:\/\/encuentroinformativo.com.mx\/index.php?rest_route=\/wp\/v2\/posts\/69379","targetHints":{"allow":["GET"]}}],"collection":[{"href":"https:\/\/encuentroinformativo.com.mx\/index.php?rest_route=\/wp\/v2\/posts"}],"about":[{"href":"https:\/\/encuentroinformativo.com.mx\/index.php?rest_route=\/wp\/v2\/types\/post"}],"author":[{"embeddable":true,"href":"https:\/\/encuentroinformativo.com.mx\/index.php?rest_route=\/wp\/v2\/users\/2476"}],"replies":[{"embeddable":true,"href":"https:\/\/encuentroinformativo.com.mx\/index.php?rest_route=%2Fwp%2Fv2%2Fcomments&post=69379"}],"version-history":[{"count":1,"href":"https:\/\/encuentroinformativo.com.mx\/index.php?rest_route=\/wp\/v2\/posts\/69379\/revisions"}],"predecessor-version":[{"id":69381,"href":"https:\/\/encuentroinformativo.com.mx\/index.php?rest_route=\/wp\/v2\/posts\/69379\/revisions\/69381"}],"wp:featuredmedia":[{"embeddable":true,"href":"https:\/\/encuentroinformativo.com.mx\/index.php?rest_route=\/wp\/v2\/media\/69380"}],"wp:attachment":[{"href":"https:\/\/encuentroinformativo.com.mx\/index.php?rest_route=%2Fwp%2Fv2%2Fmedia&parent=69379"}],"wp:term":[{"taxonomy":"category","embeddable":true,"href":"https:\/\/encuentroinformativo.com.mx\/index.php?rest_route=%2Fwp%2Fv2%2Fcategories&post=69379"},{"taxonomy":"post_tag","embeddable":true,"href":"https:\/\/encuentroinformativo.com.mx\/index.php?rest_route=%2Fwp%2Fv2%2Ftags&post=69379"}],"curies":[{"name":"wp","href":"https:\/\/api.w.org\/{rel}","templated":true}]}}