{"id":69382,"date":"2025-07-16T13:05:33","date_gmt":"2025-07-16T19:05:33","guid":{"rendered":"https:\/\/encuentroinformativo.com.mx\/?p=69382"},"modified":"2025-07-16T13:05:33","modified_gmt":"2025-07-16T19:05:33","slug":"realizaran-13-edicion-del-festival-de-verano-de-titeres","status":"publish","type":"post","link":"https:\/\/encuentroinformativo.com.mx\/?p=69382","title":{"rendered":"Realizar\u00e1n 13 edici\u00f3n del Festival de Verano de T\u00edteres"},"content":{"rendered":"<p><strong>Dar\u00edo Pale<\/strong><\/p>\n<p>Xalapa, Ver.- El Grupo Merequetengue y el Teatro Rinc\u00f3n de los T\u00edteres dieron a conocer la edici\u00f3n n\u00famero 13 del festival de verano de t\u00edteres, el cual se realizar\u00e1 del 19 de julio y hasta el 31 de agosto.<\/p>\n<p>Lorenzo Portillo Armendariz expuso que el festival se realiza en la ciudad de Xalapa para incrementar la actividad art\u00edstica durante la temporada vacacional.<\/p>\n<p>&#8220;Para quienes nos quedamos en Xalapa, tengamos una actividad cultural, viva para toda la familia y para quienes visitan la ciudad, dirigida a infancias&#8221;, coment\u00f3.<\/p>\n<p>Adem\u00e1s, detall\u00f3 que ser\u00e1n 14 grupos invitados de diferentes estados como Campeche, Coahuila, Tlaxcala, Hidalgo, entre otros.<\/p>\n<p>Las funciones ser\u00e1n desde el 19 de julio y hasta el 31 de agosto, los d\u00edas viernes, s\u00e1bados y domingos.<\/p>\n<p>Finalmente dieron a conocer que la \u00fanica sede es el Rinc\u00f3n de los T\u00edteres que se encuentra en la esquina de la calle Ju\u00e1rez y la avenida \u00c1vila Camacho, por el monumento a la Madre, la cuota de recuperaci\u00f3n es de 90 pesos para infancias y 110 pesos para los adultos.<\/p>\n","protected":false},"excerpt":{"rendered":"<p>Dar\u00edo Pale Xalapa, Ver.- El Grupo Merequetengue y el Teatro Rinc\u00f3n de los T\u00edteres dieron a conocer la edici\u00f3n n\u00famero 13 del festival de verano de t\u00edteres, el cual se realizar\u00e1 del 19 de julio y hasta el 31 de agosto. Lorenzo Portillo Armendariz expuso que el festival se realiza en la ciudad de Xalapa [&hellip;]<\/p>\n","protected":false},"author":2476,"featured_media":69383,"comment_status":"open","ping_status":"open","sticky":false,"template":"","format":"standard","meta":{"_jetpack_memberships_contains_paid_content":false,"footnotes":""},"categories":[3],"tags":[],"class_list":["post-69382","post","type-post","status-publish","format-standard","has-post-thumbnail","hentry","category-xalapa"],"jetpack_featured_media_url":"https:\/\/encuentroinformativo.com.mx\/wp-content\/uploads\/2025\/07\/IMG-20250716-WA01032.jpg","jetpack_sharing_enabled":true,"jetpack_likes_enabled":true,"amp_enabled":true,"_links":{"self":[{"href":"https:\/\/encuentroinformativo.com.mx\/index.php?rest_route=\/wp\/v2\/posts\/69382","targetHints":{"allow":["GET"]}}],"collection":[{"href":"https:\/\/encuentroinformativo.com.mx\/index.php?rest_route=\/wp\/v2\/posts"}],"about":[{"href":"https:\/\/encuentroinformativo.com.mx\/index.php?rest_route=\/wp\/v2\/types\/post"}],"author":[{"embeddable":true,"href":"https:\/\/encuentroinformativo.com.mx\/index.php?rest_route=\/wp\/v2\/users\/2476"}],"replies":[{"embeddable":true,"href":"https:\/\/encuentroinformativo.com.mx\/index.php?rest_route=%2Fwp%2Fv2%2Fcomments&post=69382"}],"version-history":[{"count":1,"href":"https:\/\/encuentroinformativo.com.mx\/index.php?rest_route=\/wp\/v2\/posts\/69382\/revisions"}],"predecessor-version":[{"id":69384,"href":"https:\/\/encuentroinformativo.com.mx\/index.php?rest_route=\/wp\/v2\/posts\/69382\/revisions\/69384"}],"wp:featuredmedia":[{"embeddable":true,"href":"https:\/\/encuentroinformativo.com.mx\/index.php?rest_route=\/wp\/v2\/media\/69383"}],"wp:attachment":[{"href":"https:\/\/encuentroinformativo.com.mx\/index.php?rest_route=%2Fwp%2Fv2%2Fmedia&parent=69382"}],"wp:term":[{"taxonomy":"category","embeddable":true,"href":"https:\/\/encuentroinformativo.com.mx\/index.php?rest_route=%2Fwp%2Fv2%2Fcategories&post=69382"},{"taxonomy":"post_tag","embeddable":true,"href":"https:\/\/encuentroinformativo.com.mx\/index.php?rest_route=%2Fwp%2Fv2%2Ftags&post=69382"}],"curies":[{"name":"wp","href":"https:\/\/api.w.org\/{rel}","templated":true}]}}