{"id":69388,"date":"2025-07-17T11:12:31","date_gmt":"2025-07-17T17:12:31","guid":{"rendered":"https:\/\/encuentroinformativo.com.mx\/?p=69388"},"modified":"2025-07-17T11:12:31","modified_gmt":"2025-07-17T17:12:31","slug":"rehabilitaran-viaducto-de-xalapa-en-coordinacion-con-activistas","status":"publish","type":"post","link":"https:\/\/encuentroinformativo.com.mx\/?p=69388","title":{"rendered":"Rehabilitar\u00e1n viaducto de Xalapa en coordinaci\u00f3n con activistas"},"content":{"rendered":"<p><strong>Dar\u00edo Pale<\/strong><\/p>\n<p>Xalapa, Ver.- Rehabilitar\u00e1n el viaducto de Xalapa; activistas presentar\u00e1n proyecto as\u00ed lo dio a conocer el alcalde de Xalapa, Alberto Islas Reyes.<\/p>\n<p>Expuso que la rehabilitaci\u00f3n del viaducto se har\u00e1 despu\u00e9s del d\u00eda 28 de este mes y las activistas presentar\u00e1n un proyecto para utilizarlo.<\/p>\n<p>En entrevista, el edil capitalino coment\u00f3 que se atender\u00e1n las filtraciones, &#8220;por eso la parte alta del viaducto se colapsa&#8221;, adem\u00e1s de que se pintar\u00e1 por completo.<\/p>\n<p>&#8220;Hab\u00eda un proyecto que ten\u00eda Desarrollo Urbano, muy modernista, val\u00eda 7 millones de pesos, pero va a chocar con lo que ellas quieren, de seguir teniendo ese espacio de expresi\u00f3n y no quiero confrontarme con ideas diferentes&#8221;, se\u00f1al\u00f3.<\/p>\n<p>De manera que se har\u00e1n los trabajos de rehabilitaci\u00f3n y dejar el espacio digno para que lo ocupen las activistas.<\/p>\n<p>En otro tema, inform\u00f3 que este jueves se present\u00f3 el programa de actividades por temporada vacacional.<\/p>\n<p>&#8220;Ampliamos la oferta, vamos a presentar qu\u00e9 se puede hacer tur\u00edsticamente, qu\u00e9 se puede hacer en los recintos municipales y en los 16 centros comunitarios&#8221;, se\u00f1al\u00f3.<\/p>\n<p>Finalmente dio a conocer que la intenci\u00f3n es darle alternativas a los ciudadanos y a los turistas que llegan a la ciudad capital, acot\u00f3 el edil xalape\u00f1o.<\/p>\n<p>&nbsp;<\/p>\n","protected":false},"excerpt":{"rendered":"<p>Dar\u00edo Pale Xalapa, Ver.- Rehabilitar\u00e1n el viaducto de Xalapa; activistas presentar\u00e1n proyecto as\u00ed lo dio a conocer el alcalde de Xalapa, Alberto Islas Reyes. Expuso que la rehabilitaci\u00f3n del viaducto se har\u00e1 despu\u00e9s del d\u00eda 28 de este mes y las activistas presentar\u00e1n un proyecto para utilizarlo. En entrevista, el edil capitalino coment\u00f3 que se [&hellip;]<\/p>\n","protected":false},"author":2476,"featured_media":69389,"comment_status":"open","ping_status":"open","sticky":false,"template":"","format":"standard","meta":{"_jetpack_memberships_contains_paid_content":false,"footnotes":""},"categories":[3],"tags":[],"class_list":["post-69388","post","type-post","status-publish","format-standard","has-post-thumbnail","hentry","category-xalapa"],"jetpack_featured_media_url":"https:\/\/encuentroinformativo.com.mx\/wp-content\/uploads\/2025\/07\/IMG-20250717-WA0120.jpg","jetpack_sharing_enabled":true,"jetpack_likes_enabled":true,"amp_enabled":true,"_links":{"self":[{"href":"https:\/\/encuentroinformativo.com.mx\/index.php?rest_route=\/wp\/v2\/posts\/69388","targetHints":{"allow":["GET"]}}],"collection":[{"href":"https:\/\/encuentroinformativo.com.mx\/index.php?rest_route=\/wp\/v2\/posts"}],"about":[{"href":"https:\/\/encuentroinformativo.com.mx\/index.php?rest_route=\/wp\/v2\/types\/post"}],"author":[{"embeddable":true,"href":"https:\/\/encuentroinformativo.com.mx\/index.php?rest_route=\/wp\/v2\/users\/2476"}],"replies":[{"embeddable":true,"href":"https:\/\/encuentroinformativo.com.mx\/index.php?rest_route=%2Fwp%2Fv2%2Fcomments&post=69388"}],"version-history":[{"count":1,"href":"https:\/\/encuentroinformativo.com.mx\/index.php?rest_route=\/wp\/v2\/posts\/69388\/revisions"}],"predecessor-version":[{"id":69390,"href":"https:\/\/encuentroinformativo.com.mx\/index.php?rest_route=\/wp\/v2\/posts\/69388\/revisions\/69390"}],"wp:featuredmedia":[{"embeddable":true,"href":"https:\/\/encuentroinformativo.com.mx\/index.php?rest_route=\/wp\/v2\/media\/69389"}],"wp:attachment":[{"href":"https:\/\/encuentroinformativo.com.mx\/index.php?rest_route=%2Fwp%2Fv2%2Fmedia&parent=69388"}],"wp:term":[{"taxonomy":"category","embeddable":true,"href":"https:\/\/encuentroinformativo.com.mx\/index.php?rest_route=%2Fwp%2Fv2%2Fcategories&post=69388"},{"taxonomy":"post_tag","embeddable":true,"href":"https:\/\/encuentroinformativo.com.mx\/index.php?rest_route=%2Fwp%2Fv2%2Ftags&post=69388"}],"curies":[{"name":"wp","href":"https:\/\/api.w.org\/{rel}","templated":true}]}}