{"id":6939,"date":"2020-10-15T14:00:06","date_gmt":"2020-10-15T19:00:06","guid":{"rendered":"https:\/\/encuentroinformativo.com.mx\/?p=6939"},"modified":"2020-10-15T14:00:09","modified_gmt":"2020-10-15T19:00:09","slug":"promueven-centros-de-acopio-para-residuos-electronicos","status":"publish","type":"post","link":"https:\/\/encuentroinformativo.com.mx\/?p=6939","title":{"rendered":"Promueven centros de acopio para residuos electr\u00f3nicos"},"content":{"rendered":"\n<p><strong>Juan Arcos <\/strong><\/p>\n\n\n\n<p>Xalapa, Ver.- M\u00e1s de 26 toneladas de electr\u00f3nicos y pilas son desechados al d\u00eda en el estado de Veracruz, residuos que son altamente contaminantes.<\/p>\n\n\n\n<p>De acuerdo con Patricia Santos, coordinadora ambiental del Centro de Acopio<em> \u201cThe Ewaste Group\u201d<\/em>, Daniel Guti\u00e9rrez, se trata de 13.6 toneladas de electr\u00f3nicos y 12.6 toneladas de pilas.<\/p>\n\n\n\n<p>La poblaci\u00f3n desecha computadoras, televisores, celulares, controles de videojuegos, radios, bocinas, teclados, pantallas, aud\u00edfonos, c\u00e1maras y otros residuos electr\u00f3nicos.<\/p>\n\n\n\n<p>En ese sentido, destac\u00f3 la importancia de que haya centros para el acopio de estos residuos, con la finalidad de evitar la contaminaci\u00f3n de la tierra y el agua.<\/p>\n\n\n\n<p>Por tal motivo, esta semana fue inaugurado el Centro de Acopio Residuos El\u00e9ctricos, Electr\u00f3nicos y\/o Tecnol\u00f3gicos, ubicado sobre la calle Tulipanes n\u00famero 13 de la colonia \u201cLomas del Para\u00edso\u201d, en la ciudad de Xalapa.<\/p>\n\n\n\n<p>Refiri\u00f3 que en dicho lugar ser\u00e1n recibidos todos los desechos electr\u00f3nicos, para que \u00e9stos no acaben en cuerpos de agua o rellenos sanitarios.<\/p>\n\n\n\n<p>A\u00f1adi\u00f3 que los componentes de estos residuos se caracterizan por su alto grado de contaminaci\u00f3n.<\/p>\n\n\n\n<p>M\u00e1s adelante se buscar\u00e1 la apertura de centros de acopio en otras regiones de la entidad, como una propuesta de cuidado al entorno ecol\u00f3gico.<\/p>\n\n\n\n<p>Cabe mencionar que el sitio de almacenamiento fue abierto, en coordinaci\u00f3n con personal de la Secretar\u00eda de Medio Ambiente de Veracruz (Sedema) y la Delegaci\u00f3n de la Secretar\u00eda del Medio Ambiente y Recursos Naturales (Semarnat).<\/p>\n","protected":false},"excerpt":{"rendered":"<p>Juan Arcos Xalapa, Ver.- M\u00e1s de 26 toneladas de electr\u00f3nicos y pilas son desechados al d\u00eda en el estado de Veracruz, residuos que son altamente contaminantes. De acuerdo con Patricia Santos, coordinadora ambiental del Centro de Acopio \u201cThe Ewaste Group\u201d, Daniel Guti\u00e9rrez, se trata de 13.6 toneladas de electr\u00f3nicos y 12.6 toneladas de pilas. La [&hellip;]<\/p>\n","protected":false},"author":1,"featured_media":6940,"comment_status":"open","ping_status":"open","sticky":false,"template":"","format":"standard","meta":{"_jetpack_memberships_contains_paid_content":false,"footnotes":""},"categories":[3],"tags":[],"class_list":["post-6939","post","type-post","status-publish","format-standard","has-post-thumbnail","hentry","category-xalapa"],"jetpack_featured_media_url":"https:\/\/encuentroinformativo.com.mx\/wp-content\/uploads\/2020\/10\/0C1322BD-11A0-43FD-A111-262B7912DB16.jpeg","jetpack_sharing_enabled":true,"jetpack_likes_enabled":true,"amp_enabled":true,"_links":{"self":[{"href":"https:\/\/encuentroinformativo.com.mx\/index.php?rest_route=\/wp\/v2\/posts\/6939","targetHints":{"allow":["GET"]}}],"collection":[{"href":"https:\/\/encuentroinformativo.com.mx\/index.php?rest_route=\/wp\/v2\/posts"}],"about":[{"href":"https:\/\/encuentroinformativo.com.mx\/index.php?rest_route=\/wp\/v2\/types\/post"}],"author":[{"embeddable":true,"href":"https:\/\/encuentroinformativo.com.mx\/index.php?rest_route=\/wp\/v2\/users\/1"}],"replies":[{"embeddable":true,"href":"https:\/\/encuentroinformativo.com.mx\/index.php?rest_route=%2Fwp%2Fv2%2Fcomments&post=6939"}],"version-history":[{"count":1,"href":"https:\/\/encuentroinformativo.com.mx\/index.php?rest_route=\/wp\/v2\/posts\/6939\/revisions"}],"predecessor-version":[{"id":6941,"href":"https:\/\/encuentroinformativo.com.mx\/index.php?rest_route=\/wp\/v2\/posts\/6939\/revisions\/6941"}],"wp:featuredmedia":[{"embeddable":true,"href":"https:\/\/encuentroinformativo.com.mx\/index.php?rest_route=\/wp\/v2\/media\/6940"}],"wp:attachment":[{"href":"https:\/\/encuentroinformativo.com.mx\/index.php?rest_route=%2Fwp%2Fv2%2Fmedia&parent=6939"}],"wp:term":[{"taxonomy":"category","embeddable":true,"href":"https:\/\/encuentroinformativo.com.mx\/index.php?rest_route=%2Fwp%2Fv2%2Fcategories&post=6939"},{"taxonomy":"post_tag","embeddable":true,"href":"https:\/\/encuentroinformativo.com.mx\/index.php?rest_route=%2Fwp%2Fv2%2Ftags&post=6939"}],"curies":[{"name":"wp","href":"https:\/\/api.w.org\/{rel}","templated":true}]}}