{"id":69391,"date":"2025-07-17T11:19:12","date_gmt":"2025-07-17T17:19:12","guid":{"rendered":"https:\/\/encuentroinformativo.com.mx\/?p=69391"},"modified":"2025-07-17T11:19:12","modified_gmt":"2025-07-17T17:19:12","slug":"confirmo-gobernadora-presencia-de-salma-hayek-y-angelina-jolie-en-veracruz","status":"publish","type":"post","link":"https:\/\/encuentroinformativo.com.mx\/?p=69391","title":{"rendered":"Confirm\u00f3 Gobernadora presencia de Salma Hayek y Angelina Jolie en Veracruz"},"content":{"rendered":"<p><strong>Alejandro \u00c1vila<\/strong><\/p>\n<p>Veracruz, Ver.- La noche de este mi\u00e9rcoles 16 de julio la gobernadora, Roc\u00edo Nahle Garc\u00eda, confirm\u00f3 la presencia en Veracruz de las actrices, Angelina Jolie y Salma Hayek.<\/p>\n<p>Por la tarde varios medios de comunicaci\u00f3n informaron de su arribo a la Ciudad de M\u00e9xico, y se\u00f1alaron hab\u00edan tomado un vuelo hacia la ciudad de Veracruz a trav\u00e9s de la empresa Aerom\u00e9xico, por lo que se form\u00f3 un revuelo en redes sociales.<\/p>\n<p>Por la noche, la gobernadora acudi\u00f3 al hotel Fiesta Americana donde habr\u00eda cenado y platicado con ambas actrices, quienes se presume tienen un proyecto en com\u00fan a desarrollar en la entidad veracruzana.<\/p>\n<p>&#8220;Nada m\u00e1s venimos a saludarlas y pues muy contenta de nuestra paisana y todo muy bien (&#8230;) Veracruz est\u00e1 de moda&#8221;, dijo la mandataria estatal.<\/p>\n<p>Cabe mencionar que, el 2021 se estren\u00f3 a nivel mundial la pel\u00edcula de Marvel Comics &#8220;The Eternals&#8221;, donde Angelina Jolie interpreta a Thena y Salma Hayek a Ajak; en redes sociales varios fans han especulado que la segunda parte de dicha pel\u00edcula se rodar\u00e1 en Veracruz.<\/p>\n","protected":false},"excerpt":{"rendered":"<p>Alejandro \u00c1vila Veracruz, Ver.- La noche de este mi\u00e9rcoles 16 de julio la gobernadora, Roc\u00edo Nahle Garc\u00eda, confirm\u00f3 la presencia en Veracruz de las actrices, Angelina Jolie y Salma Hayek. Por la tarde varios medios de comunicaci\u00f3n informaron de su arribo a la Ciudad de M\u00e9xico, y se\u00f1alaron hab\u00edan tomado un vuelo hacia la ciudad [&hellip;]<\/p>\n","protected":false},"author":2476,"featured_media":69392,"comment_status":"open","ping_status":"open","sticky":false,"template":"","format":"standard","meta":{"_jetpack_memberships_contains_paid_content":false,"footnotes":""},"categories":[2,13],"tags":[],"class_list":["post-69391","post","type-post","status-publish","format-standard","has-post-thumbnail","hentry","category-estado","category-internacional"],"jetpack_featured_media_url":"https:\/\/encuentroinformativo.com.mx\/wp-content\/uploads\/2025\/07\/IMG-20250717-WA00562.jpg","jetpack_sharing_enabled":true,"jetpack_likes_enabled":true,"amp_enabled":true,"_links":{"self":[{"href":"https:\/\/encuentroinformativo.com.mx\/index.php?rest_route=\/wp\/v2\/posts\/69391","targetHints":{"allow":["GET"]}}],"collection":[{"href":"https:\/\/encuentroinformativo.com.mx\/index.php?rest_route=\/wp\/v2\/posts"}],"about":[{"href":"https:\/\/encuentroinformativo.com.mx\/index.php?rest_route=\/wp\/v2\/types\/post"}],"author":[{"embeddable":true,"href":"https:\/\/encuentroinformativo.com.mx\/index.php?rest_route=\/wp\/v2\/users\/2476"}],"replies":[{"embeddable":true,"href":"https:\/\/encuentroinformativo.com.mx\/index.php?rest_route=%2Fwp%2Fv2%2Fcomments&post=69391"}],"version-history":[{"count":1,"href":"https:\/\/encuentroinformativo.com.mx\/index.php?rest_route=\/wp\/v2\/posts\/69391\/revisions"}],"predecessor-version":[{"id":69393,"href":"https:\/\/encuentroinformativo.com.mx\/index.php?rest_route=\/wp\/v2\/posts\/69391\/revisions\/69393"}],"wp:featuredmedia":[{"embeddable":true,"href":"https:\/\/encuentroinformativo.com.mx\/index.php?rest_route=\/wp\/v2\/media\/69392"}],"wp:attachment":[{"href":"https:\/\/encuentroinformativo.com.mx\/index.php?rest_route=%2Fwp%2Fv2%2Fmedia&parent=69391"}],"wp:term":[{"taxonomy":"category","embeddable":true,"href":"https:\/\/encuentroinformativo.com.mx\/index.php?rest_route=%2Fwp%2Fv2%2Fcategories&post=69391"},{"taxonomy":"post_tag","embeddable":true,"href":"https:\/\/encuentroinformativo.com.mx\/index.php?rest_route=%2Fwp%2Fv2%2Ftags&post=69391"}],"curies":[{"name":"wp","href":"https:\/\/api.w.org\/{rel}","templated":true}]}}