{"id":69400,"date":"2025-07-17T11:30:01","date_gmt":"2025-07-17T17:30:01","guid":{"rendered":"https:\/\/encuentroinformativo.com.mx\/?p=69400"},"modified":"2025-07-17T11:30:01","modified_gmt":"2025-07-17T17:30:01","slug":"las-camionetitas","status":"publish","type":"post","link":"https:\/\/encuentroinformativo.com.mx\/?p=69400","title":{"rendered":"LAS CAMIONETITAS"},"content":{"rendered":"<p><strong>Los Pol\u00edticos<\/strong><\/p>\n<p><strong>Salvador Mu\u00f1oz<\/strong><\/p>\n<p>Ahora s\u00ed, <strong>Roc\u00edo Nahle<\/strong>\u00a0puede inflar el pecho como totol en ba\u00f1o de tierra: su idea de las \u201c<strong>Camionetitas de la Salud<\/strong>\u201d no solo funcion\u00f3 en\u00a0<strong>Veracruz<\/strong>, sino que lleg\u00f3 a o\u00eddos de\u00a0<strong>Claudia Sheinbaum<\/strong>, quien anunci\u00f3 el programa \u201c<strong>Rutas de la Salud<\/strong>\u201d para todo el pa\u00eds.<\/p>\n<p>Un triunfo para\u00a0<strong>Nahle<\/strong>, sin duda que inici\u00f3 con el pie derecho all\u00e1 por diciembre del a\u00f1o pasado dando el banderazo a las\u00a0<strong>Camionetitas<\/strong>\u00a0en coordinaci\u00f3n con la\u00a0<strong>secretar\u00eda de Salud<\/strong>.<br \/>\nUn respiro, una palmadita en la espalda, un \u201cmira mam\u00e1, s\u00ed puedo\u201d.<\/p>\n<p>Pero mientras arriba celebran, abajo en\u00a0<strong>Veracruz<\/strong>, vino a meter la pata el delegado del\u00a0<strong>IMSS Bienestar<\/strong>,\u00a0<strong>Roberto Ramos Alor<\/strong>, jugando a la pi\u00f1ata con el sistema de salud.<\/p>\n<p>Porque ojo: presumir 90% de abastecimiento en\u00a0<strong>centros de salud<\/strong>\u00a0suena espectacular\u2026 hasta que miras dentro de las cajas.<br \/>\n\u00bfQu\u00e9 pasa realmente?<br \/>\nResulta que el \u201cabasto\u201d que presume\u00a0<strong>Ramos Alor<\/strong>\u00a0es, en muchos casos,\u00a0<strong>abasto fantasma<\/strong>.<\/p>\n<p>S\u00ed, hay medicamento, pero: puros\u00a0<strong>analg\u00e9sicos<\/strong>,\u00a0<strong>anti\u00e1cidos<\/strong>, y uno que otro suplemento que parece venido de la tiendita de la esquina.<br \/>\n\u00bfY los\u00a0<strong>antibi\u00f3ticos<\/strong>?<br \/>\n\u00bfLos\u00a0<strong>antihipertensivos<\/strong>?<br \/>\n\u00bfLa\u00a0<strong>insulina<\/strong>?<br \/>\n\u00bfLos medicamentos de especialidad para\u00a0<strong>pacientes cr\u00f3nicos<\/strong>?<br \/>\nBien, gracias.<\/p>\n<p>La\u00a0<strong>camionetita<\/strong>\u00a0llega, llena anaqueles, toma fotos y se va.<br \/>\nEl centro de salud firma que est\u00e1 surtido.<br \/>\nPero ni le preguntaron qu\u00e9 se necesitaba, ni revisaron expedientes, ni se tomaron la molestia de entender la\u00a0<strong>demanda real<\/strong>.<\/p>\n<p>Es como ir al s\u00faper, llenar el carrito de papel de ba\u00f1o, y decirle a tu familia que ya hiciste el mandado\u2026 cuando lo que faltaba era comida.<\/p>\n<p>\u00bfPor qu\u00e9? Porque el verdadero medicamento que reparte\u00a0<strong>Ramos Alor<\/strong>\u00a0es el de la\u00a0<strong>promoci\u00f3n de imagen<\/strong>.<br \/>\nLa foto, el posteo, el bolet\u00edn.<br \/>\nEl paciente que no encuentra su tratamiento, que lo resuelva con fe\u2026 o con tarjeta.<\/p>\n<p>La idea original de\u00a0<strong>Nahle<\/strong>\u00a0era buena, incluso brillante en su intenci\u00f3n.<br \/>\nPero en el momento en que cay\u00f3 en las manos de\u00a0<strong>operadores pol\u00edticos<\/strong>\u00a0que creen que la\u00a0<strong>Salud<\/strong>\u00a0es un pretexto para inflar cifras es como entregarles una joya fina\u2026 para que la guarden en el caj\u00f3n de los calcetines.<\/p>\n<p>Si la\u00a0<strong>Presidenta Claudia Sheinbaum<\/strong>\u00a0quiere que \u201c<strong>Rutas de la Salud<\/strong>\u201d funcione a nivel nacional, m\u00e1s vale que tome nota: no se trata solo de poner llantitas y logos, sino de escuchar a quienes saben qu\u00e9 falta en cada comunidad.<br \/>\nDe lo contrario, vamos a tener farmacias llenas\u2026 pero de aire.<\/p>\n","protected":false},"excerpt":{"rendered":"<p>Los Pol\u00edticos Salvador Mu\u00f1oz Ahora s\u00ed, Roc\u00edo Nahle\u00a0puede inflar el pecho como totol en ba\u00f1o de tierra: su idea de las \u201cCamionetitas de la Salud\u201d no solo funcion\u00f3 en\u00a0Veracruz, sino que lleg\u00f3 a o\u00eddos de\u00a0Claudia Sheinbaum, quien anunci\u00f3 el programa \u201cRutas de la Salud\u201d para todo el pa\u00eds. Un triunfo para\u00a0Nahle, sin duda que inici\u00f3 [&hellip;]<\/p>\n","protected":false},"author":2476,"featured_media":387,"comment_status":"open","ping_status":"open","sticky":false,"template":"","format":"standard","meta":{"_jetpack_memberships_contains_paid_content":false,"footnotes":""},"categories":[11],"tags":[],"class_list":["post-69400","post","type-post","status-publish","format-standard","has-post-thumbnail","hentry","category-opinion"],"jetpack_featured_media_url":"https:\/\/encuentroinformativo.com.mx\/wp-content\/uploads\/2020\/03\/7CF8A22B-2764-47BE-8F7F-38FE9E5D6A2F.jpeg","jetpack_sharing_enabled":true,"jetpack_likes_enabled":true,"amp_enabled":true,"_links":{"self":[{"href":"https:\/\/encuentroinformativo.com.mx\/index.php?rest_route=\/wp\/v2\/posts\/69400","targetHints":{"allow":["GET"]}}],"collection":[{"href":"https:\/\/encuentroinformativo.com.mx\/index.php?rest_route=\/wp\/v2\/posts"}],"about":[{"href":"https:\/\/encuentroinformativo.com.mx\/index.php?rest_route=\/wp\/v2\/types\/post"}],"author":[{"embeddable":true,"href":"https:\/\/encuentroinformativo.com.mx\/index.php?rest_route=\/wp\/v2\/users\/2476"}],"replies":[{"embeddable":true,"href":"https:\/\/encuentroinformativo.com.mx\/index.php?rest_route=%2Fwp%2Fv2%2Fcomments&post=69400"}],"version-history":[{"count":1,"href":"https:\/\/encuentroinformativo.com.mx\/index.php?rest_route=\/wp\/v2\/posts\/69400\/revisions"}],"predecessor-version":[{"id":69401,"href":"https:\/\/encuentroinformativo.com.mx\/index.php?rest_route=\/wp\/v2\/posts\/69400\/revisions\/69401"}],"wp:featuredmedia":[{"embeddable":true,"href":"https:\/\/encuentroinformativo.com.mx\/index.php?rest_route=\/wp\/v2\/media\/387"}],"wp:attachment":[{"href":"https:\/\/encuentroinformativo.com.mx\/index.php?rest_route=%2Fwp%2Fv2%2Fmedia&parent=69400"}],"wp:term":[{"taxonomy":"category","embeddable":true,"href":"https:\/\/encuentroinformativo.com.mx\/index.php?rest_route=%2Fwp%2Fv2%2Fcategories&post=69400"},{"taxonomy":"post_tag","embeddable":true,"href":"https:\/\/encuentroinformativo.com.mx\/index.php?rest_route=%2Fwp%2Fv2%2Ftags&post=69400"}],"curies":[{"name":"wp","href":"https:\/\/api.w.org\/{rel}","templated":true}]}}