{"id":69406,"date":"2025-07-17T12:14:58","date_gmt":"2025-07-17T18:14:58","guid":{"rendered":"https:\/\/encuentroinformativo.com.mx\/?p=69406"},"modified":"2025-07-17T12:14:58","modified_gmt":"2025-07-17T18:14:58","slug":"si-coatepec-pierde-denominacion-de-pueblo-magico-afectaria-a-xalapa","status":"publish","type":"post","link":"https:\/\/encuentroinformativo.com.mx\/?p=69406","title":{"rendered":"Si Coatepec pierde denominaci\u00f3n de Pueblo M\u00e1gico afectar\u00eda a Xalapa"},"content":{"rendered":"<p><strong>Dar\u00edo Pale<\/strong><\/p>\n<p>Xalapa, Ver.- El director de Turismo Municipal de Xalapa, Josu\u00e9 V\u00e1zquez Gonz\u00e1lez dio a conocer que si Coatepec deja de ser pueblo m\u00e1gico, s\u00ed impactar\u00e1 en Xalapa.<\/p>\n<p>Consider\u00f3 que si Coatepec pierde la denominaci\u00f3n de Pueblo M\u00e1gico impactar\u00eda en Xalapa, ya que consider\u00f3 que ser\u00eda una situaci\u00f3n complicada si al municipio cafetalero se le retira el nombramiento federal.<\/p>\n<p>&#8220;Definitivamente ser\u00eda una situaci\u00f3n complicada, obviamente tendr\u00eda un impacto negativo hacia Xalapa&#8221;, se\u00f1al\u00f3.<\/p>\n<p>V\u00e1zquez Gonz\u00e1lez coment\u00f3 que Xalapa es un centro regional, &#8220;nosotros tambi\u00e9n apostamos por esta parte de los pueblos m\u00e1gicos y creo que s\u00ed tendr\u00eda una incidencia negativa&#8221;.<\/p>\n<p>No obstante, el director de Turismo confi\u00f3 en que no ocurra, pues consider\u00f3 que el gobierno municipal coatepecano est\u00e1 haciendo lo posible y m\u00e1s para mantener la denominaci\u00f3n.<\/p>\n<p>Por \u00faltimo cabe recordar que Coatepec fue el primer municipio de Veracruz en obtener el nombramiento, pero desde hace meses diferentes voces han mencionado que el pueblo m\u00e1gico ha sido olvidado por las actuales autoridades locales que encabeza Raymundo Andrade Rivera y a unos meses de que concluya la administraci\u00f3n municipal pretenden ponerse a trabajar.<\/p>\n","protected":false},"excerpt":{"rendered":"<p>Dar\u00edo Pale Xalapa, Ver.- El director de Turismo Municipal de Xalapa, Josu\u00e9 V\u00e1zquez Gonz\u00e1lez dio a conocer que si Coatepec deja de ser pueblo m\u00e1gico, s\u00ed impactar\u00e1 en Xalapa. Consider\u00f3 que si Coatepec pierde la denominaci\u00f3n de Pueblo M\u00e1gico impactar\u00eda en Xalapa, ya que consider\u00f3 que ser\u00eda una situaci\u00f3n complicada si al municipio cafetalero se [&hellip;]<\/p>\n","protected":false},"author":2476,"featured_media":22616,"comment_status":"open","ping_status":"open","sticky":false,"template":"","format":"standard","meta":{"_jetpack_memberships_contains_paid_content":false,"footnotes":""},"categories":[8],"tags":[],"class_list":["post-69406","post","type-post","status-publish","format-standard","has-post-thumbnail","hentry","category-region"],"jetpack_featured_media_url":"https:\/\/encuentroinformativo.com.mx\/wp-content\/uploads\/2022\/01\/5238CCF7-ED8B-4EBF-AF3E-8DBCB7BE5938.jpeg","jetpack_sharing_enabled":true,"jetpack_likes_enabled":true,"amp_enabled":true,"_links":{"self":[{"href":"https:\/\/encuentroinformativo.com.mx\/index.php?rest_route=\/wp\/v2\/posts\/69406","targetHints":{"allow":["GET"]}}],"collection":[{"href":"https:\/\/encuentroinformativo.com.mx\/index.php?rest_route=\/wp\/v2\/posts"}],"about":[{"href":"https:\/\/encuentroinformativo.com.mx\/index.php?rest_route=\/wp\/v2\/types\/post"}],"author":[{"embeddable":true,"href":"https:\/\/encuentroinformativo.com.mx\/index.php?rest_route=\/wp\/v2\/users\/2476"}],"replies":[{"embeddable":true,"href":"https:\/\/encuentroinformativo.com.mx\/index.php?rest_route=%2Fwp%2Fv2%2Fcomments&post=69406"}],"version-history":[{"count":1,"href":"https:\/\/encuentroinformativo.com.mx\/index.php?rest_route=\/wp\/v2\/posts\/69406\/revisions"}],"predecessor-version":[{"id":69407,"href":"https:\/\/encuentroinformativo.com.mx\/index.php?rest_route=\/wp\/v2\/posts\/69406\/revisions\/69407"}],"wp:featuredmedia":[{"embeddable":true,"href":"https:\/\/encuentroinformativo.com.mx\/index.php?rest_route=\/wp\/v2\/media\/22616"}],"wp:attachment":[{"href":"https:\/\/encuentroinformativo.com.mx\/index.php?rest_route=%2Fwp%2Fv2%2Fmedia&parent=69406"}],"wp:term":[{"taxonomy":"category","embeddable":true,"href":"https:\/\/encuentroinformativo.com.mx\/index.php?rest_route=%2Fwp%2Fv2%2Fcategories&post=69406"},{"taxonomy":"post_tag","embeddable":true,"href":"https:\/\/encuentroinformativo.com.mx\/index.php?rest_route=%2Fwp%2Fv2%2Ftags&post=69406"}],"curies":[{"name":"wp","href":"https:\/\/api.w.org\/{rel}","templated":true}]}}