{"id":69411,"date":"2025-07-17T13:40:16","date_gmt":"2025-07-17T19:40:16","guid":{"rendered":"https:\/\/encuentroinformativo.com.mx\/?p=69411"},"modified":"2025-07-17T13:40:16","modified_gmt":"2025-07-17T19:40:16","slug":"en-septiembre-daran-a-conocer-al-nuevo-presidente-del-comite-de-carnaval-de-veracruz","status":"publish","type":"post","link":"https:\/\/encuentroinformativo.com.mx\/?p=69411","title":{"rendered":"En septiembre dar\u00e1n a conocer al nuevo presidente del Comit\u00e9 de Carnaval de Veracruz"},"content":{"rendered":"<p><strong>Alejandro \u00c1vila<\/strong><\/p>\n<p>Veracruz, Ver.- La alcaldesa electa, Rosa Mar\u00eda Hern\u00e1ndez Espejo, dio a conocer que el pr\u00f3ximo mes de septiembre estar\u00eda dando a conocer el nombre del nuevo presidente del Comit\u00e9 de Carnaval de Veracruz, y muy probablemente otros directores de \u00e1rea.<\/p>\n<p>En ese sentido, expuso que en estos momentos se encuentra evaluando perfiles minuciosamente, pues las personas que ocupen un cargo p\u00fablico en la pr\u00f3xima administraci\u00f3n que ella encabezar\u00e1, deber\u00e1n ser honestas y con vocaci\u00f3n de servicio en favor los jarochos.<\/p>\n<p>&#8220;Estamos evaluando curr\u00edculums, perfiles, porque Veracruz es una ciudad muy muy grande, somos 750 mil habitantes casi, y necesitamos gente honesta y con un perfil adecuado para cada \u00e1rea (&#8230;) yo creo que a m\u00e1s tardar en septiembre o principios de octubre ya tendremos (&#8230;) por obvias razones tiene que ser Carnaval, porque es la que va a empezar a funcionar para que ya trabaj\u00e9 en ello para el Carnaval de febrero, eso y despu\u00e9s se har\u00e1n las dem\u00e1s&#8221;, expres\u00f3.<\/p>\n<p>Rosa Mar\u00eda Hern\u00e1ndez Espejo dijo que ya sostuvieron reuniones con la secretar\u00eda de Cultura, X\u00f3chitl Molina, y el secretario de Turismo, Igor Roji, as\u00ed como con los sectores restauranteros y hoteleros, para que el Carnaval del 2026 sea un \u00e9xito en todos los sentidos.<\/p>\n<p>&#8220;Todos estamos haciendo un gran equipo para sacar adelante al Carnaval, rescatarlo y que vuelva a ser el Carnaval m\u00e1s alegre del mundo, por lo tanto va a ser el Carnaval de todos&#8221;, remat\u00f3.<\/p>\n","protected":false},"excerpt":{"rendered":"<p>Alejandro \u00c1vila Veracruz, Ver.- La alcaldesa electa, Rosa Mar\u00eda Hern\u00e1ndez Espejo, dio a conocer que el pr\u00f3ximo mes de septiembre estar\u00eda dando a conocer el nombre del nuevo presidente del Comit\u00e9 de Carnaval de Veracruz, y muy probablemente otros directores de \u00e1rea. En ese sentido, expuso que en estos momentos se encuentra evaluando perfiles minuciosamente, [&hellip;]<\/p>\n","protected":false},"author":2476,"featured_media":20889,"comment_status":"open","ping_status":"open","sticky":false,"template":"","format":"standard","meta":{"_jetpack_memberships_contains_paid_content":false,"footnotes":""},"categories":[2],"tags":[],"class_list":["post-69411","post","type-post","status-publish","format-standard","has-post-thumbnail","hentry","category-estado"],"jetpack_featured_media_url":"https:\/\/encuentroinformativo.com.mx\/wp-content\/uploads\/2021\/12\/7C9AD750-6A22-47DD-AC12-D00588AE43BE.jpeg","jetpack_sharing_enabled":true,"jetpack_likes_enabled":true,"amp_enabled":true,"_links":{"self":[{"href":"https:\/\/encuentroinformativo.com.mx\/index.php?rest_route=\/wp\/v2\/posts\/69411","targetHints":{"allow":["GET"]}}],"collection":[{"href":"https:\/\/encuentroinformativo.com.mx\/index.php?rest_route=\/wp\/v2\/posts"}],"about":[{"href":"https:\/\/encuentroinformativo.com.mx\/index.php?rest_route=\/wp\/v2\/types\/post"}],"author":[{"embeddable":true,"href":"https:\/\/encuentroinformativo.com.mx\/index.php?rest_route=\/wp\/v2\/users\/2476"}],"replies":[{"embeddable":true,"href":"https:\/\/encuentroinformativo.com.mx\/index.php?rest_route=%2Fwp%2Fv2%2Fcomments&post=69411"}],"version-history":[{"count":1,"href":"https:\/\/encuentroinformativo.com.mx\/index.php?rest_route=\/wp\/v2\/posts\/69411\/revisions"}],"predecessor-version":[{"id":69413,"href":"https:\/\/encuentroinformativo.com.mx\/index.php?rest_route=\/wp\/v2\/posts\/69411\/revisions\/69413"}],"wp:featuredmedia":[{"embeddable":true,"href":"https:\/\/encuentroinformativo.com.mx\/index.php?rest_route=\/wp\/v2\/media\/20889"}],"wp:attachment":[{"href":"https:\/\/encuentroinformativo.com.mx\/index.php?rest_route=%2Fwp%2Fv2%2Fmedia&parent=69411"}],"wp:term":[{"taxonomy":"category","embeddable":true,"href":"https:\/\/encuentroinformativo.com.mx\/index.php?rest_route=%2Fwp%2Fv2%2Fcategories&post=69411"},{"taxonomy":"post_tag","embeddable":true,"href":"https:\/\/encuentroinformativo.com.mx\/index.php?rest_route=%2Fwp%2Fv2%2Ftags&post=69411"}],"curies":[{"name":"wp","href":"https:\/\/api.w.org\/{rel}","templated":true}]}}