{"id":69429,"date":"2025-07-18T11:45:38","date_gmt":"2025-07-18T17:45:38","guid":{"rendered":"https:\/\/encuentroinformativo.com.mx\/?p=69429"},"modified":"2025-07-18T11:45:38","modified_gmt":"2025-07-18T17:45:38","slug":"acuerdan-icatver-y-media-superior-linea-de-trabajo-coordinado","status":"publish","type":"post","link":"https:\/\/encuentroinformativo.com.mx\/?p=69429","title":{"rendered":"Acuerdan Icatver y Media Superior l\u00ednea de trabajo coordinado"},"content":{"rendered":"<p><strong>Dar\u00edo Pale<\/strong><\/p>\n<p>Xalapa, Ver.- El Instituto de Capacitaci\u00f3n para el Trabajo de Veracruz (Icatver) y la Subsecretar\u00eda de Educaci\u00f3n Media Superior y Superior (Semsys) acordaron una l\u00ednea de trabajo coordinado, esto con la finalidad de innovar y fortalecer la formaci\u00f3n y capacitaci\u00f3n laboral de la poblaci\u00f3n veracruzana.<\/p>\n<p>Por ello, sostuvieron una reuni\u00f3n el subsecretario de Educaci\u00f3n Media Superior y Superior, David Agust\u00edn Jim\u00e9nez Rojas y el secretario de Trabajo, Previsi\u00f3n Social y Productividad, Luis Arturo Santiago.<\/p>\n<p>El titular de la Secretar\u00eda del Trabajo se\u00f1al\u00f3 que el objetivo de la reuni\u00f3n fue fortalecer los mecanismos de coordinaci\u00f3n interinstitucional y establecer rutas de trabajo conjuntas que permitan mejorar las oportunidades de formaci\u00f3n, empleabilidad y capacitaci\u00f3n para las y los veracruzanos.<\/p>\n<p>\u201cComo lo ha expresado nuestra gobernadora Roc\u00edo Nahle, la transformaci\u00f3n de Veracruz tambi\u00e9n pasa por fortalecer el conocimiento, la t\u00e9cnica y el acceso equitativo a oportunidades para todas y todos\u201d, coment\u00f3.<\/p>\n<p>Finalmente establecieron escuchar directamente a la comunidad sobre sus problem\u00e1ticas y necesidades en cuanto a la capacitaci\u00f3n para el trabajo, pues ello les permitir\u00e1 fortalecer las acciones institucionales y avanzar hacia una atenci\u00f3n m\u00e1s justa, incluyente y comprometida con el bienestar de todas y todos.<\/p>\n<p>&nbsp;<\/p>\n","protected":false},"excerpt":{"rendered":"<p>Dar\u00edo Pale Xalapa, Ver.- El Instituto de Capacitaci\u00f3n para el Trabajo de Veracruz (Icatver) y la Subsecretar\u00eda de Educaci\u00f3n Media Superior y Superior (Semsys) acordaron una l\u00ednea de trabajo coordinado, esto con la finalidad de innovar y fortalecer la formaci\u00f3n y capacitaci\u00f3n laboral de la poblaci\u00f3n veracruzana. Por ello, sostuvieron una reuni\u00f3n el subsecretario de [&hellip;]<\/p>\n","protected":false},"author":2476,"featured_media":69430,"comment_status":"open","ping_status":"open","sticky":false,"template":"","format":"standard","meta":{"_jetpack_memberships_contains_paid_content":false,"footnotes":""},"categories":[2],"tags":[],"class_list":["post-69429","post","type-post","status-publish","format-standard","has-post-thumbnail","hentry","category-estado"],"jetpack_featured_media_url":"https:\/\/encuentroinformativo.com.mx\/wp-content\/uploads\/2025\/07\/IMG-20250718-WA00722.jpg","jetpack_sharing_enabled":true,"jetpack_likes_enabled":true,"amp_enabled":true,"_links":{"self":[{"href":"https:\/\/encuentroinformativo.com.mx\/index.php?rest_route=\/wp\/v2\/posts\/69429","targetHints":{"allow":["GET"]}}],"collection":[{"href":"https:\/\/encuentroinformativo.com.mx\/index.php?rest_route=\/wp\/v2\/posts"}],"about":[{"href":"https:\/\/encuentroinformativo.com.mx\/index.php?rest_route=\/wp\/v2\/types\/post"}],"author":[{"embeddable":true,"href":"https:\/\/encuentroinformativo.com.mx\/index.php?rest_route=\/wp\/v2\/users\/2476"}],"replies":[{"embeddable":true,"href":"https:\/\/encuentroinformativo.com.mx\/index.php?rest_route=%2Fwp%2Fv2%2Fcomments&post=69429"}],"version-history":[{"count":1,"href":"https:\/\/encuentroinformativo.com.mx\/index.php?rest_route=\/wp\/v2\/posts\/69429\/revisions"}],"predecessor-version":[{"id":69431,"href":"https:\/\/encuentroinformativo.com.mx\/index.php?rest_route=\/wp\/v2\/posts\/69429\/revisions\/69431"}],"wp:featuredmedia":[{"embeddable":true,"href":"https:\/\/encuentroinformativo.com.mx\/index.php?rest_route=\/wp\/v2\/media\/69430"}],"wp:attachment":[{"href":"https:\/\/encuentroinformativo.com.mx\/index.php?rest_route=%2Fwp%2Fv2%2Fmedia&parent=69429"}],"wp:term":[{"taxonomy":"category","embeddable":true,"href":"https:\/\/encuentroinformativo.com.mx\/index.php?rest_route=%2Fwp%2Fv2%2Fcategories&post=69429"},{"taxonomy":"post_tag","embeddable":true,"href":"https:\/\/encuentroinformativo.com.mx\/index.php?rest_route=%2Fwp%2Fv2%2Ftags&post=69429"}],"curies":[{"name":"wp","href":"https:\/\/api.w.org\/{rel}","templated":true}]}}