{"id":69435,"date":"2025-07-18T12:57:15","date_gmt":"2025-07-18T18:57:15","guid":{"rendered":"https:\/\/encuentroinformativo.com.mx\/?p=69435"},"modified":"2025-07-18T12:57:15","modified_gmt":"2025-07-18T18:57:15","slug":"un-rayo-le-quita-la-vida-a-campesino-en-coatzintla","status":"publish","type":"post","link":"https:\/\/encuentroinformativo.com.mx\/?p=69435","title":{"rendered":"Un rayo le quita la vida a campesino en Coatzintla"},"content":{"rendered":"<p><strong>Alejandro \u00c1vila<\/strong><\/p>\n<p>Coatzintla, Ver.- Un rayo le quit\u00f3 la vida a un campesino del municipio de Coatzintla, el sujeto fue identificado como Eustorgio, de 47 a\u00f1os de edad.<\/p>\n<p>Los hechos ocurrieron en la tarde de este jueves 17 de julio, mientras el jornalero buscaba resguardarse de la lluvia y se coloc\u00f3 debajo de un \u00e1rbol.<\/p>\n<p>La tormenta el\u00e9ctrica que azot\u00f3 el municipio dej\u00f3 esta lamentable p\u00e9rdida para sus familiares, ya que el campesino no esperaba que este fen\u00f3meno natural se impactar\u00e1 sobre su persona.<\/p>\n<p>Al lugar acudieron socorristas de Protecci\u00f3n Civil, quienes intentaron reanimar al hombre, pero ya no presentaba signos vitales. Elementos de la Polic\u00eda Municipal acordonaron el \u00e1rea y dieron parte a las autoridades ministeriales para que realizaran las diligencias correspondientes.<\/p>\n","protected":false},"excerpt":{"rendered":"<p>Alejandro \u00c1vila Coatzintla, Ver.- Un rayo le quit\u00f3 la vida a un campesino del municipio de Coatzintla, el sujeto fue identificado como Eustorgio, de 47 a\u00f1os de edad. Los hechos ocurrieron en la tarde de este jueves 17 de julio, mientras el jornalero buscaba resguardarse de la lluvia y se coloc\u00f3 debajo de un \u00e1rbol. [&hellip;]<\/p>\n","protected":false},"author":2476,"featured_media":69436,"comment_status":"open","ping_status":"open","sticky":false,"template":"","format":"standard","meta":{"_jetpack_memberships_contains_paid_content":false,"footnotes":""},"categories":[2],"tags":[],"class_list":["post-69435","post","type-post","status-publish","format-standard","has-post-thumbnail","hentry","category-estado"],"jetpack_featured_media_url":"https:\/\/encuentroinformativo.com.mx\/wp-content\/uploads\/2025\/07\/IMG-20250718-WA0076-scaled.jpg","jetpack_sharing_enabled":true,"jetpack_likes_enabled":true,"amp_enabled":true,"_links":{"self":[{"href":"https:\/\/encuentroinformativo.com.mx\/index.php?rest_route=\/wp\/v2\/posts\/69435","targetHints":{"allow":["GET"]}}],"collection":[{"href":"https:\/\/encuentroinformativo.com.mx\/index.php?rest_route=\/wp\/v2\/posts"}],"about":[{"href":"https:\/\/encuentroinformativo.com.mx\/index.php?rest_route=\/wp\/v2\/types\/post"}],"author":[{"embeddable":true,"href":"https:\/\/encuentroinformativo.com.mx\/index.php?rest_route=\/wp\/v2\/users\/2476"}],"replies":[{"embeddable":true,"href":"https:\/\/encuentroinformativo.com.mx\/index.php?rest_route=%2Fwp%2Fv2%2Fcomments&post=69435"}],"version-history":[{"count":1,"href":"https:\/\/encuentroinformativo.com.mx\/index.php?rest_route=\/wp\/v2\/posts\/69435\/revisions"}],"predecessor-version":[{"id":69437,"href":"https:\/\/encuentroinformativo.com.mx\/index.php?rest_route=\/wp\/v2\/posts\/69435\/revisions\/69437"}],"wp:featuredmedia":[{"embeddable":true,"href":"https:\/\/encuentroinformativo.com.mx\/index.php?rest_route=\/wp\/v2\/media\/69436"}],"wp:attachment":[{"href":"https:\/\/encuentroinformativo.com.mx\/index.php?rest_route=%2Fwp%2Fv2%2Fmedia&parent=69435"}],"wp:term":[{"taxonomy":"category","embeddable":true,"href":"https:\/\/encuentroinformativo.com.mx\/index.php?rest_route=%2Fwp%2Fv2%2Fcategories&post=69435"},{"taxonomy":"post_tag","embeddable":true,"href":"https:\/\/encuentroinformativo.com.mx\/index.php?rest_route=%2Fwp%2Fv2%2Ftags&post=69435"}],"curies":[{"name":"wp","href":"https:\/\/api.w.org\/{rel}","templated":true}]}}