{"id":69438,"date":"2025-07-18T13:00:10","date_gmt":"2025-07-18T19:00:10","guid":{"rendered":"https:\/\/encuentroinformativo.com.mx\/?p=69438"},"modified":"2025-07-18T13:00:10","modified_gmt":"2025-07-18T19:00:10","slug":"se-escapa-mujer-privada-de-la-libertad-y-corre-por-calles-de-poza-rica","status":"publish","type":"post","link":"https:\/\/encuentroinformativo.com.mx\/?p=69438","title":{"rendered":"Se escapa mujer privada de la libertad y corre por calles de Poza Rica"},"content":{"rendered":"<p><strong>Alejandro \u00c1vila<\/strong><\/p>\n<p>Poza Rica, Ver.- Una mujer que presuntamente hab\u00eda sido privada de su libertad logr\u00f3 escapar de sus captores y corri\u00f3 por la calle Lerdo de Tejada de la colonia Revoluci\u00f3n en el municipio de Poza Rica, situaci\u00f3n que desconcert\u00f3 a los vecinos quienes llamaron el n\u00famero de emergencias 911.<\/p>\n<p>Ante esta situaci\u00f3n se despleg\u00f3 un gran dispositivo de seguridad de los tres \u00f3rdenes de gobierno, quienes encontraron a la mujer atada de manos, por lo cual fue resguardada, no sin antes brindarle la atenci\u00f3n m\u00e9dica necesaria.<\/p>\n<p>Mientras los Agentes Ministeriales interrogaban a la mujer, elementos del Ej\u00e9rcito Mexicano, Guardia Nacional y Polic\u00eda Estatal, acudieron al domicilio donde ella dijo haber estado secuestrada, el cual se podr\u00eda tratar de una presunta casa de seguridad.<\/p>\n<p>Hasta el momento no se ha dado informaci\u00f3n oficial de lo sucedido, sin embargo, se espera que en pr\u00f3ximas horas la Fiscal\u00eda de Veracruz emita un comunicado al respecto.<\/p>\n","protected":false},"excerpt":{"rendered":"<p>Alejandro \u00c1vila Poza Rica, Ver.- Una mujer que presuntamente hab\u00eda sido privada de su libertad logr\u00f3 escapar de sus captores y corri\u00f3 por la calle Lerdo de Tejada de la colonia Revoluci\u00f3n en el municipio de Poza Rica, situaci\u00f3n que desconcert\u00f3 a los vecinos quienes llamaron el n\u00famero de emergencias 911. Ante esta situaci\u00f3n se [&hellip;]<\/p>\n","protected":false},"author":2476,"featured_media":69439,"comment_status":"open","ping_status":"open","sticky":false,"template":"","format":"standard","meta":{"_jetpack_memberships_contains_paid_content":false,"footnotes":""},"categories":[14],"tags":[],"class_list":["post-69438","post","type-post","status-publish","format-standard","has-post-thumbnail","hentry","category-policiaca"],"jetpack_featured_media_url":"https:\/\/encuentroinformativo.com.mx\/wp-content\/uploads\/2025\/07\/IMG-20250718-WA0156-scaled.jpg","jetpack_sharing_enabled":true,"jetpack_likes_enabled":true,"amp_enabled":true,"_links":{"self":[{"href":"https:\/\/encuentroinformativo.com.mx\/index.php?rest_route=\/wp\/v2\/posts\/69438","targetHints":{"allow":["GET"]}}],"collection":[{"href":"https:\/\/encuentroinformativo.com.mx\/index.php?rest_route=\/wp\/v2\/posts"}],"about":[{"href":"https:\/\/encuentroinformativo.com.mx\/index.php?rest_route=\/wp\/v2\/types\/post"}],"author":[{"embeddable":true,"href":"https:\/\/encuentroinformativo.com.mx\/index.php?rest_route=\/wp\/v2\/users\/2476"}],"replies":[{"embeddable":true,"href":"https:\/\/encuentroinformativo.com.mx\/index.php?rest_route=%2Fwp%2Fv2%2Fcomments&post=69438"}],"version-history":[{"count":1,"href":"https:\/\/encuentroinformativo.com.mx\/index.php?rest_route=\/wp\/v2\/posts\/69438\/revisions"}],"predecessor-version":[{"id":69440,"href":"https:\/\/encuentroinformativo.com.mx\/index.php?rest_route=\/wp\/v2\/posts\/69438\/revisions\/69440"}],"wp:featuredmedia":[{"embeddable":true,"href":"https:\/\/encuentroinformativo.com.mx\/index.php?rest_route=\/wp\/v2\/media\/69439"}],"wp:attachment":[{"href":"https:\/\/encuentroinformativo.com.mx\/index.php?rest_route=%2Fwp%2Fv2%2Fmedia&parent=69438"}],"wp:term":[{"taxonomy":"category","embeddable":true,"href":"https:\/\/encuentroinformativo.com.mx\/index.php?rest_route=%2Fwp%2Fv2%2Fcategories&post=69438"},{"taxonomy":"post_tag","embeddable":true,"href":"https:\/\/encuentroinformativo.com.mx\/index.php?rest_route=%2Fwp%2Fv2%2Ftags&post=69438"}],"curies":[{"name":"wp","href":"https:\/\/api.w.org\/{rel}","templated":true}]}}