{"id":69445,"date":"2025-07-18T15:14:58","date_gmt":"2025-07-18T21:14:58","guid":{"rendered":"https:\/\/encuentroinformativo.com.mx\/?p=69445"},"modified":"2025-07-18T15:14:58","modified_gmt":"2025-07-18T21:14:58","slug":"abaten-presunto-ladron-en-calles-de-coatzacoalcos","status":"publish","type":"post","link":"https:\/\/encuentroinformativo.com.mx\/?p=69445","title":{"rendered":"Abaten presunto ladr\u00f3n en calles de Coatzacoalcos"},"content":{"rendered":"<p><strong>Dar\u00edo Pale<\/strong><\/p>\n<p>Xalapa, Ver.- La ma\u00f1ana de este viernes un presunto ladr\u00f3n fue abatido en el fraccionamiento Paseo Las Palmas en el poniente del puerto en Coatzacoalcos.<\/p>\n<p>Los sucesos generaron una intensa movilizaci\u00f3n polic\u00edaca despu\u00e9s de que se reportara que dos sujetos abordo de una motocicleta intentaron asaltar en la zona habitacional.<\/p>\n<p>De acuerdo con los primeros informes, el sujeto, en compa\u00f1\u00eda de otro individuo, intent\u00f3 perpetrar un robo a bordo de una motocicleta color negro. Sin embargo, durante el hecho, uno de ellos fue abatido presuntamente en un acto de leg\u00edtima defensa, mientras que su c\u00f3mplice logr\u00f3 escapar y contin\u00faa pr\u00f3fugo.<\/p>\n<p>El incidente provoc\u00f3 una intensa movilizaci\u00f3n polic\u00edaca en la zona habitacional. Elementos de la Polic\u00eda Estatal y personal de la Fiscal\u00eda General del Estado acudieron al lugar para llevar a cabo las diligencias de ley y acordonar el \u00e1rea.<\/p>\n<p>Hasta el momento, la identidad del presunto asaltante fallecido no ha sido dada a conocer por las autoridades. Las investigaciones contin\u00faan para localizar al segundo implicado y esclarecer completamente lo ocurrido.<\/p>\n","protected":false},"excerpt":{"rendered":"<p>Dar\u00edo Pale Xalapa, Ver.- La ma\u00f1ana de este viernes un presunto ladr\u00f3n fue abatido en el fraccionamiento Paseo Las Palmas en el poniente del puerto en Coatzacoalcos. Los sucesos generaron una intensa movilizaci\u00f3n polic\u00edaca despu\u00e9s de que se reportara que dos sujetos abordo de una motocicleta intentaron asaltar en la zona habitacional. De acuerdo con [&hellip;]<\/p>\n","protected":false},"author":2476,"featured_media":69446,"comment_status":"open","ping_status":"open","sticky":false,"template":"","format":"standard","meta":{"_jetpack_memberships_contains_paid_content":false,"footnotes":""},"categories":[14],"tags":[],"class_list":["post-69445","post","type-post","status-publish","format-standard","has-post-thumbnail","hentry","category-policiaca"],"jetpack_featured_media_url":"https:\/\/encuentroinformativo.com.mx\/wp-content\/uploads\/2025\/07\/IMG-20250718-WA0084.jpg","jetpack_sharing_enabled":true,"jetpack_likes_enabled":true,"amp_enabled":true,"_links":{"self":[{"href":"https:\/\/encuentroinformativo.com.mx\/index.php?rest_route=\/wp\/v2\/posts\/69445","targetHints":{"allow":["GET"]}}],"collection":[{"href":"https:\/\/encuentroinformativo.com.mx\/index.php?rest_route=\/wp\/v2\/posts"}],"about":[{"href":"https:\/\/encuentroinformativo.com.mx\/index.php?rest_route=\/wp\/v2\/types\/post"}],"author":[{"embeddable":true,"href":"https:\/\/encuentroinformativo.com.mx\/index.php?rest_route=\/wp\/v2\/users\/2476"}],"replies":[{"embeddable":true,"href":"https:\/\/encuentroinformativo.com.mx\/index.php?rest_route=%2Fwp%2Fv2%2Fcomments&post=69445"}],"version-history":[{"count":1,"href":"https:\/\/encuentroinformativo.com.mx\/index.php?rest_route=\/wp\/v2\/posts\/69445\/revisions"}],"predecessor-version":[{"id":69447,"href":"https:\/\/encuentroinformativo.com.mx\/index.php?rest_route=\/wp\/v2\/posts\/69445\/revisions\/69447"}],"wp:featuredmedia":[{"embeddable":true,"href":"https:\/\/encuentroinformativo.com.mx\/index.php?rest_route=\/wp\/v2\/media\/69446"}],"wp:attachment":[{"href":"https:\/\/encuentroinformativo.com.mx\/index.php?rest_route=%2Fwp%2Fv2%2Fmedia&parent=69445"}],"wp:term":[{"taxonomy":"category","embeddable":true,"href":"https:\/\/encuentroinformativo.com.mx\/index.php?rest_route=%2Fwp%2Fv2%2Fcategories&post=69445"},{"taxonomy":"post_tag","embeddable":true,"href":"https:\/\/encuentroinformativo.com.mx\/index.php?rest_route=%2Fwp%2Fv2%2Ftags&post=69445"}],"curies":[{"name":"wp","href":"https:\/\/api.w.org\/{rel}","templated":true}]}}