{"id":69455,"date":"2025-07-18T21:33:04","date_gmt":"2025-07-19T03:33:04","guid":{"rendered":"https:\/\/encuentroinformativo.com.mx\/?p=69455"},"modified":"2025-07-18T21:33:04","modified_gmt":"2025-07-19T03:33:04","slug":"con-gomez-cazarin-coordinacion-y-confianza-plena-rocio-nahle","status":"publish","type":"post","link":"https:\/\/encuentroinformativo.com.mx\/?p=69455","title":{"rendered":"Con G\u00f3mez Cazar\u00edn, coordinaci\u00f3n y confianza plena: Roc\u00edo Nahle"},"content":{"rendered":"<p><strong>* La titular del Poder Ejecutivo estatal reiter\u00f3 que con el Delegado federal hay comunicaci\u00f3n directa y acciones a favor del pueblo veracruzano.<\/strong><\/p>\n<p>Papantla, Ver.- Con el delegado de Bienestar en Veracruz, Juan Javier G\u00f3mez Cazar\u00edn, hay comunicaci\u00f3n permanente, directa, coordinaci\u00f3n y confianza sobre el trabajo que realiza a favor del pueblo, afirm\u00f3 la gobernadora Roc\u00edo Nahle Garc\u00eda.<\/p>\n<p>La titular del Poder Ejecutivo en el estado encabez\u00f3, junto con la secretaria de Bienestar, Ariadna Montiel Reyes, la entrega de 178 tarjetas del FAISPIAM a comit\u00e9s comunitarios de la regi\u00f3n de Papantla, evento coordinado con el delegado federal de Bienestar, Juan Javier G\u00f3mez Cazar\u00edn, para materializar el derecho de los Pueblos Originarios y comunidades afrodescendientes a ejercer parte de este fondo de manera directa, decidiendo las obras en su beneficio.<\/p>\n<p>Al tomar la palabra, la gobernadora Roc\u00edo Nahle Garc\u00eda fue clara y directa en su reconocimiento al delegado G\u00f3mez Cazar\u00edn, destacando sobre todo la cercan\u00eda y la confianza que le tiene en lo personal y, desde luego, de su gobierno.<\/p>\n<p>\u201cCon el Delegado hay comunicaci\u00f3n permanente y directa; cualquier cosa que se atore en el desarrollo de los dos mil 573 proyectos de las comunidades ind\u00edgenas bastar\u00e1 una llamada para autorizar los tr\u00e1mites, porque confiamos plenamente en su trabajo y en la honestidad de quienes ejercer\u00e1n estos recursos\u201d, dijo.<\/p>\n<p>Al reconocimiento de la gobernadora Roc\u00edo Nahle se sum\u00f3 la secretaria de Bienestar, Ariadna Montiel Reyes, quien en el arranque de su discurso le agradeci\u00f3 a Juan Javier G\u00f3mez Cazar\u00edn el trabajo que se viene realizando en Veracruz en materia de programas y pensiones del Bienestar.<\/p>\n<p>Ariadna Montiel fue contundente: \u201cAgradezco a nuestro delegado Juan Javier G\u00f3mez Cazar\u00edn, porque es un hombre muy trabajador y en poco tiempo nos ha demostrado que es dedicado, que trabajando unidos en beneficio del pueblo de M\u00e9xico podemos lograr muchas cosas.<\/p>\n<p>Con estas expresiones a su favor, Juan Javier G\u00f3mez Cazar\u00edn demuestra una vez m\u00e1s que con trabajo y pasi\u00f3n por servirle al pueblo se supera cualquier campa\u00f1a negra en su contra: una vez m\u00e1s\u00a0 ha derrotado a sus adversarios.<\/p>\n","protected":false},"excerpt":{"rendered":"<p>* La titular del Poder Ejecutivo estatal reiter\u00f3 que con el Delegado federal hay comunicaci\u00f3n directa y acciones a favor del pueblo veracruzano. Papantla, Ver.- Con el delegado de Bienestar en Veracruz, Juan Javier G\u00f3mez Cazar\u00edn, hay comunicaci\u00f3n permanente, directa, coordinaci\u00f3n y confianza sobre el trabajo que realiza a favor del pueblo, afirm\u00f3 la gobernadora [&hellip;]<\/p>\n","protected":false},"author":2476,"featured_media":69456,"comment_status":"open","ping_status":"open","sticky":false,"template":"","format":"standard","meta":{"_jetpack_memberships_contains_paid_content":false,"footnotes":""},"categories":[2],"tags":[],"class_list":["post-69455","post","type-post","status-publish","format-standard","has-post-thumbnail","hentry","category-estado"],"jetpack_featured_media_url":"https:\/\/encuentroinformativo.com.mx\/wp-content\/uploads\/2025\/07\/IMG-20250718-WA03172-scaled.jpg","jetpack_sharing_enabled":true,"jetpack_likes_enabled":true,"amp_enabled":true,"_links":{"self":[{"href":"https:\/\/encuentroinformativo.com.mx\/index.php?rest_route=\/wp\/v2\/posts\/69455","targetHints":{"allow":["GET"]}}],"collection":[{"href":"https:\/\/encuentroinformativo.com.mx\/index.php?rest_route=\/wp\/v2\/posts"}],"about":[{"href":"https:\/\/encuentroinformativo.com.mx\/index.php?rest_route=\/wp\/v2\/types\/post"}],"author":[{"embeddable":true,"href":"https:\/\/encuentroinformativo.com.mx\/index.php?rest_route=\/wp\/v2\/users\/2476"}],"replies":[{"embeddable":true,"href":"https:\/\/encuentroinformativo.com.mx\/index.php?rest_route=%2Fwp%2Fv2%2Fcomments&post=69455"}],"version-history":[{"count":1,"href":"https:\/\/encuentroinformativo.com.mx\/index.php?rest_route=\/wp\/v2\/posts\/69455\/revisions"}],"predecessor-version":[{"id":69457,"href":"https:\/\/encuentroinformativo.com.mx\/index.php?rest_route=\/wp\/v2\/posts\/69455\/revisions\/69457"}],"wp:featuredmedia":[{"embeddable":true,"href":"https:\/\/encuentroinformativo.com.mx\/index.php?rest_route=\/wp\/v2\/media\/69456"}],"wp:attachment":[{"href":"https:\/\/encuentroinformativo.com.mx\/index.php?rest_route=%2Fwp%2Fv2%2Fmedia&parent=69455"}],"wp:term":[{"taxonomy":"category","embeddable":true,"href":"https:\/\/encuentroinformativo.com.mx\/index.php?rest_route=%2Fwp%2Fv2%2Fcategories&post=69455"},{"taxonomy":"post_tag","embeddable":true,"href":"https:\/\/encuentroinformativo.com.mx\/index.php?rest_route=%2Fwp%2Fv2%2Ftags&post=69455"}],"curies":[{"name":"wp","href":"https:\/\/api.w.org\/{rel}","templated":true}]}}