{"id":69472,"date":"2025-07-21T12:08:49","date_gmt":"2025-07-21T18:08:49","guid":{"rendered":"https:\/\/encuentroinformativo.com.mx\/?p=69472"},"modified":"2025-07-21T12:08:49","modified_gmt":"2025-07-21T18:08:49","slug":"cae-uno-de-los-presuntos-responsables-por-la-desaparicion-de-un-matrimonio-en-la-cuenca","status":"publish","type":"post","link":"https:\/\/encuentroinformativo.com.mx\/?p=69472","title":{"rendered":"Cae uno de los presuntos responsables por la desaparici\u00f3n de un matrimonio en la Cuenca"},"content":{"rendered":"<p><strong>Jos\u00e9 Vargas<\/strong><\/p>\n<p>Oaxaca, Oax.- Tras m\u00e1s de un mes de incertidumbre, la Fiscal\u00eda General del Estado de Oaxaca (FGEO) logr\u00f3 la aprehensi\u00f3n de un hombre presuntamente relacionado con la desaparici\u00f3n de un matrimonio originario de San Juan Bautista Tuxtepec, cuyos rastros se perdieron el pasado 18 de junio en la regi\u00f3n lim\u00edtrofe entre Oaxaca y Veracruz.<\/p>\n<p>El detenido fue identificado como M.C.P., quien enfrenta cargos por el delito de Desaparici\u00f3n Cometida por Particulares, en agravio de las v\u00edctimas G.L.R. y E.N.J., un matrimonio que habr\u00eda salido de su domicilio en la colonia El Progreso, en Tuxtepec, con destino a Tesechoac\u00e1n, Veracruz, con el objetivo de concretar la venta de un terreno.<\/p>\n<p>Seg\u00fan las indagatorias, ese d\u00eda fue la \u00faltima vez que sus familiares tuvieron contacto con ellos. Ante su desaparici\u00f3n, se interpuso la denuncia correspondiente, lo que activ\u00f3 los protocolos de b\u00fasqueda e investigaci\u00f3n por parte de la Vicefiscal\u00eda Regional de la Cuenca.<\/p>\n<p>Durante los trabajos ministeriales, fue localizada la camioneta en la que viajaban las v\u00edctimas en la localidad de Guadalupe Victoria, perteneciente al municipio de Loma Bonita, Oaxaca. Este hallazgo result\u00f3 clave para fortalecer la carpeta de investigaci\u00f3n y obtener una orden de aprehensi\u00f3n contra uno de los posibles implicados.<\/p>\n<p>La orden fue cumplimentada por agentes de la Agencia Estatal de Investigaciones (AEI), quienes desplegaron un operativo que culmin\u00f3 con la captura de M.C.P., quien ya fue puesto a disposici\u00f3n de la autoridad judicial correspondiente, que determinar\u00e1 su situaci\u00f3n legal en las pr\u00f3ximas horas.<\/p>\n<p>La Fiscal\u00eda de Oaxaca reiter\u00f3 que se mantiene activa la l\u00ednea de investigaci\u00f3n para localizar a las v\u00edctimas y dar con otros posibles involucrados. Subray\u00f3 adem\u00e1s que continuar\u00e1 aplicando estrategias de inteligencia criminal en casos de desaparici\u00f3n de personas, con el compromiso de garantizar el acceso pleno a la justicia para las familias afectadas.<\/p>\n","protected":false},"excerpt":{"rendered":"<p>Jos\u00e9 Vargas Oaxaca, Oax.- Tras m\u00e1s de un mes de incertidumbre, la Fiscal\u00eda General del Estado de Oaxaca (FGEO) logr\u00f3 la aprehensi\u00f3n de un hombre presuntamente relacionado con la desaparici\u00f3n de un matrimonio originario de San Juan Bautista Tuxtepec, cuyos rastros se perdieron el pasado 18 de junio en la regi\u00f3n lim\u00edtrofe entre Oaxaca y [&hellip;]<\/p>\n","protected":false},"author":2476,"featured_media":69470,"comment_status":"open","ping_status":"open","sticky":false,"template":"","format":"standard","meta":{"_jetpack_memberships_contains_paid_content":false,"footnotes":""},"categories":[14],"tags":[],"class_list":["post-69472","post","type-post","status-publish","format-standard","has-post-thumbnail","hentry","category-policiaca"],"jetpack_featured_media_url":"https:\/\/encuentroinformativo.com.mx\/wp-content\/uploads\/2025\/07\/IMG-20250721-WA0064.jpg","jetpack_sharing_enabled":true,"jetpack_likes_enabled":true,"amp_enabled":true,"_links":{"self":[{"href":"https:\/\/encuentroinformativo.com.mx\/index.php?rest_route=\/wp\/v2\/posts\/69472","targetHints":{"allow":["GET"]}}],"collection":[{"href":"https:\/\/encuentroinformativo.com.mx\/index.php?rest_route=\/wp\/v2\/posts"}],"about":[{"href":"https:\/\/encuentroinformativo.com.mx\/index.php?rest_route=\/wp\/v2\/types\/post"}],"author":[{"embeddable":true,"href":"https:\/\/encuentroinformativo.com.mx\/index.php?rest_route=\/wp\/v2\/users\/2476"}],"replies":[{"embeddable":true,"href":"https:\/\/encuentroinformativo.com.mx\/index.php?rest_route=%2Fwp%2Fv2%2Fcomments&post=69472"}],"version-history":[{"count":1,"href":"https:\/\/encuentroinformativo.com.mx\/index.php?rest_route=\/wp\/v2\/posts\/69472\/revisions"}],"predecessor-version":[{"id":69473,"href":"https:\/\/encuentroinformativo.com.mx\/index.php?rest_route=\/wp\/v2\/posts\/69472\/revisions\/69473"}],"wp:featuredmedia":[{"embeddable":true,"href":"https:\/\/encuentroinformativo.com.mx\/index.php?rest_route=\/wp\/v2\/media\/69470"}],"wp:attachment":[{"href":"https:\/\/encuentroinformativo.com.mx\/index.php?rest_route=%2Fwp%2Fv2%2Fmedia&parent=69472"}],"wp:term":[{"taxonomy":"category","embeddable":true,"href":"https:\/\/encuentroinformativo.com.mx\/index.php?rest_route=%2Fwp%2Fv2%2Fcategories&post=69472"},{"taxonomy":"post_tag","embeddable":true,"href":"https:\/\/encuentroinformativo.com.mx\/index.php?rest_route=%2Fwp%2Fv2%2Ftags&post=69472"}],"curies":[{"name":"wp","href":"https:\/\/api.w.org\/{rel}","templated":true}]}}