{"id":69474,"date":"2025-07-21T12:16:22","date_gmt":"2025-07-21T18:16:22","guid":{"rendered":"https:\/\/encuentroinformativo.com.mx\/?p=69474"},"modified":"2025-07-21T12:17:37","modified_gmt":"2025-07-21T18:17:37","slug":"fallece-persona-a-la-tercera-edad-oriundo-de-puebla-en-playas-alvarado","status":"publish","type":"post","link":"https:\/\/encuentroinformativo.com.mx\/?p=69474","title":{"rendered":"Fallece persona de la tercera edad oriundo de Puebla en playas Alvarado"},"content":{"rendered":"<p><strong>Alejandro \u00c1vila<\/strong><\/p>\n<p>Alvarado, Ver.- Una persona de la tercera edad perdi\u00f3 la vida por ahogamiento la tarde del domingo 20 de julio en playas del municipio de Alvarado.<\/p>\n<p>El sujeto fue identificado como, Humberto Gabino Acevedo, de 65 a\u00f1os de edad y con domicilio en la colonia Resurrecci\u00f3n del estado de Puebla.<\/p>\n<p>Los hechos ocurrieron en la playa El Canal, donde testigos aseguran que la v\u00edctima ingres\u00f3 al mar a nadar despu\u00e9s de haber consumido alimentos, minutos m\u00e1s tarde el sujeto empez\u00f3 a ahogarse, por lo que pescadores de la zona acudieron a su rescate y vieron aviso el n\u00famero de emergencia 911.<\/p>\n<p>A pesar de que se le dio atenci\u00f3n de RCP, los esfuerzos fueron en vano, ya que el sexagenario ya hab\u00eda fallecido, seg\u00fan pudo confirmar personal de Protecci\u00f3n Civil Municipal de Alvarado, quienes informaron a la Fiscal\u00eda Regional.<\/p>\n<p>Elementos de la Polic\u00eda Municipal y Estatal se encargaron de realizar el acordonamiento de la zona, en tanto personal de la Polic\u00eda Ministerial y los Servicios Periciales ordenaron el retiro del cuerpo.<\/p>\n","protected":false},"excerpt":{"rendered":"<p>Alejandro \u00c1vila Alvarado, Ver.- Una persona de la tercera edad perdi\u00f3 la vida por ahogamiento la tarde del domingo 20 de julio en playas del municipio de Alvarado. El sujeto fue identificado como, Humberto Gabino Acevedo, de 65 a\u00f1os de edad y con domicilio en la colonia Resurrecci\u00f3n del estado de Puebla. Los hechos ocurrieron [&hellip;]<\/p>\n","protected":false},"author":2476,"featured_media":69475,"comment_status":"open","ping_status":"open","sticky":false,"template":"","format":"standard","meta":{"_jetpack_memberships_contains_paid_content":false,"footnotes":""},"categories":[2],"tags":[],"class_list":["post-69474","post","type-post","status-publish","format-standard","has-post-thumbnail","hentry","category-estado"],"jetpack_featured_media_url":"https:\/\/encuentroinformativo.com.mx\/wp-content\/uploads\/2025\/07\/IMG-20250720-WA0146.jpg","jetpack_sharing_enabled":true,"jetpack_likes_enabled":true,"amp_enabled":true,"_links":{"self":[{"href":"https:\/\/encuentroinformativo.com.mx\/index.php?rest_route=\/wp\/v2\/posts\/69474","targetHints":{"allow":["GET"]}}],"collection":[{"href":"https:\/\/encuentroinformativo.com.mx\/index.php?rest_route=\/wp\/v2\/posts"}],"about":[{"href":"https:\/\/encuentroinformativo.com.mx\/index.php?rest_route=\/wp\/v2\/types\/post"}],"author":[{"embeddable":true,"href":"https:\/\/encuentroinformativo.com.mx\/index.php?rest_route=\/wp\/v2\/users\/2476"}],"replies":[{"embeddable":true,"href":"https:\/\/encuentroinformativo.com.mx\/index.php?rest_route=%2Fwp%2Fv2%2Fcomments&post=69474"}],"version-history":[{"count":2,"href":"https:\/\/encuentroinformativo.com.mx\/index.php?rest_route=\/wp\/v2\/posts\/69474\/revisions"}],"predecessor-version":[{"id":69477,"href":"https:\/\/encuentroinformativo.com.mx\/index.php?rest_route=\/wp\/v2\/posts\/69474\/revisions\/69477"}],"wp:featuredmedia":[{"embeddable":true,"href":"https:\/\/encuentroinformativo.com.mx\/index.php?rest_route=\/wp\/v2\/media\/69475"}],"wp:attachment":[{"href":"https:\/\/encuentroinformativo.com.mx\/index.php?rest_route=%2Fwp%2Fv2%2Fmedia&parent=69474"}],"wp:term":[{"taxonomy":"category","embeddable":true,"href":"https:\/\/encuentroinformativo.com.mx\/index.php?rest_route=%2Fwp%2Fv2%2Fcategories&post=69474"},{"taxonomy":"post_tag","embeddable":true,"href":"https:\/\/encuentroinformativo.com.mx\/index.php?rest_route=%2Fwp%2Fv2%2Ftags&post=69474"}],"curies":[{"name":"wp","href":"https:\/\/api.w.org\/{rel}","templated":true}]}}