{"id":69491,"date":"2025-07-22T15:06:29","date_gmt":"2025-07-22T21:06:29","guid":{"rendered":"https:\/\/encuentroinformativo.com.mx\/?p=69491"},"modified":"2025-07-22T15:06:29","modified_gmt":"2025-07-22T21:06:29","slug":"realizan-feria-del-empleo-con-vacantes-en-sedena-y-semar","status":"publish","type":"post","link":"https:\/\/encuentroinformativo.com.mx\/?p=69491","title":{"rendered":"Realizan Feria del Empleo con vacantes en SEDENA y SEMAR"},"content":{"rendered":"<p><strong>Alejandro \u00c1vila<\/strong><\/p>\n<p>Veracruz, Ver.- Este martes 22 de julio se realiz\u00f3 en el Instituto Tecnol\u00f3gico de Veracruz (ITVER) una Feria del Empleo por parte de la Mesa para la Construcci\u00f3n de la Paz, donde se ofrecieron vacantes en el Gobierno de Veracruz, la Secretar\u00eda de Bienestar y la Secretar\u00eda de la Defensa Nacional (SEDENA) y Secretar\u00eda de Marina (SEMAR).<\/p>\n<p>Violeta Mora Vergara, secretaria t\u00e9cnica regional de la Mesa para la Construcci\u00f3n de la Paz, se\u00f1al\u00f3 que este evento tiene la intenci\u00f3n de que los j\u00f3venes se interesen en unirse a corporaciones de nivel estatal y federal.<\/p>\n<p>&#8220;Est\u00e1 el m\u00f3dulo de Sedena con vacantes para licenciados en psicolog\u00eda, para \u00e1reas de sanidad, de transmisiones, de infanter\u00eda, para \u00e1reas de cocina, as\u00ed como vacantes para la polic\u00eda de proximidad&#8221;.<\/p>\n<p>&#8220;Tenemos tambi\u00e9n el m\u00f3dulo de gobierno del estado con las vacantes para personal operativo para la Polic\u00eda Estatal, el cual la convocatoria est\u00e1 aperturada todo el a\u00f1o para hombres y mujeres de 18 a 35 a\u00f1os de distintas entidades federativas, y como estudio m\u00ednimo toman el bachillerato. Tenemos tambi\u00e9n de Polic\u00eda Naval con todos sus planteles de Infanter\u00eda de Marina, licenciatura en medicina, enfermer\u00eda, psicolog\u00eda, nutrici\u00f3n, radiolog\u00eda; y carreras como ingenier\u00eda naval, electr\u00f3nica&#8221;, expres\u00f3.<\/p>\n<p>Adem\u00e1s se coloc\u00f3 un m\u00f3dulo del Gobierno de Veracruz d\u00f3nde dieron informaci\u00f3n a los estudiantes del curso de verano sobre el programa J\u00f3venes Construyendo el Futuro.<\/p>\n","protected":false},"excerpt":{"rendered":"<p>Alejandro \u00c1vila Veracruz, Ver.- Este martes 22 de julio se realiz\u00f3 en el Instituto Tecnol\u00f3gico de Veracruz (ITVER) una Feria del Empleo por parte de la Mesa para la Construcci\u00f3n de la Paz, donde se ofrecieron vacantes en el Gobierno de Veracruz, la Secretar\u00eda de Bienestar y la Secretar\u00eda de la Defensa Nacional (SEDENA) y [&hellip;]<\/p>\n","protected":false},"author":2476,"featured_media":69492,"comment_status":"open","ping_status":"open","sticky":false,"template":"","format":"standard","meta":{"_jetpack_memberships_contains_paid_content":false,"footnotes":""},"categories":[2],"tags":[],"class_list":["post-69491","post","type-post","status-publish","format-standard","has-post-thumbnail","hentry","category-estado"],"jetpack_featured_media_url":"https:\/\/encuentroinformativo.com.mx\/wp-content\/uploads\/2025\/07\/IMG-20250722-WA0155.jpg","jetpack_sharing_enabled":true,"jetpack_likes_enabled":true,"amp_enabled":true,"_links":{"self":[{"href":"https:\/\/encuentroinformativo.com.mx\/index.php?rest_route=\/wp\/v2\/posts\/69491","targetHints":{"allow":["GET"]}}],"collection":[{"href":"https:\/\/encuentroinformativo.com.mx\/index.php?rest_route=\/wp\/v2\/posts"}],"about":[{"href":"https:\/\/encuentroinformativo.com.mx\/index.php?rest_route=\/wp\/v2\/types\/post"}],"author":[{"embeddable":true,"href":"https:\/\/encuentroinformativo.com.mx\/index.php?rest_route=\/wp\/v2\/users\/2476"}],"replies":[{"embeddable":true,"href":"https:\/\/encuentroinformativo.com.mx\/index.php?rest_route=%2Fwp%2Fv2%2Fcomments&post=69491"}],"version-history":[{"count":2,"href":"https:\/\/encuentroinformativo.com.mx\/index.php?rest_route=\/wp\/v2\/posts\/69491\/revisions"}],"predecessor-version":[{"id":69494,"href":"https:\/\/encuentroinformativo.com.mx\/index.php?rest_route=\/wp\/v2\/posts\/69491\/revisions\/69494"}],"wp:featuredmedia":[{"embeddable":true,"href":"https:\/\/encuentroinformativo.com.mx\/index.php?rest_route=\/wp\/v2\/media\/69492"}],"wp:attachment":[{"href":"https:\/\/encuentroinformativo.com.mx\/index.php?rest_route=%2Fwp%2Fv2%2Fmedia&parent=69491"}],"wp:term":[{"taxonomy":"category","embeddable":true,"href":"https:\/\/encuentroinformativo.com.mx\/index.php?rest_route=%2Fwp%2Fv2%2Fcategories&post=69491"},{"taxonomy":"post_tag","embeddable":true,"href":"https:\/\/encuentroinformativo.com.mx\/index.php?rest_route=%2Fwp%2Fv2%2Ftags&post=69491"}],"curies":[{"name":"wp","href":"https:\/\/api.w.org\/{rel}","templated":true}]}}