{"id":69511,"date":"2025-07-23T14:09:20","date_gmt":"2025-07-23T20:09:20","guid":{"rendered":"https:\/\/encuentroinformativo.com.mx\/?p=69511"},"modified":"2025-07-23T14:09:20","modified_gmt":"2025-07-23T20:09:20","slug":"designan-a-maleno-rosales-coordinador-del-pt-en-medellin","status":"publish","type":"post","link":"https:\/\/encuentroinformativo.com.mx\/?p=69511","title":{"rendered":"Designan a Maleno Rosales coordinador del PT en Medell\u00edn\u00a0"},"content":{"rendered":"<p><strong>Alejandro \u00c1vila<\/strong><\/p>\n<p>Medell\u00edn de Bravo, Ver.- El pasado fin de semana fue designado el coordinador del Partido del Trabajo en el municipio de Medell\u00edn de Bravo; la diputada federal, Rosal\u00eda Le\u00f3n Rosas, dio este encargo al ex candidato para la alcald\u00eda, Magdaleno Rosales Torres.<\/p>\n<p>En el evento tambi\u00e9n se design\u00f3 a Norma Carvajal como coordinadora sectorial de mujeres y, a Alicia Morales como coordinadora sectorial de j\u00f3venes.<\/p>\n<p>En esta ocasi\u00f3n 130 agremiados al PT se dieron cita en la Casa del Campesino de la localidad de Rancho del Padre.<\/p>\n<p>&#8220;De esta manera qued\u00f3 toda la estructura org\u00e1nica del Partido del Trabajo en Medell\u00edn de Bravo, donde un servidor encabeza todos los Comit\u00e9s o todas las Coordinaciones de este municipio (&#8230;) todo muy tranquilo, todos muy contentos, ahora ya estamos nosotros a seguir afiliando, toda la estructura va a seguir afiliando&#8221;, destac\u00f3 Magdaleno Rosales Torres.<\/p>\n","protected":false},"excerpt":{"rendered":"<p>Alejandro \u00c1vila Medell\u00edn de Bravo, Ver.- El pasado fin de semana fue designado el coordinador del Partido del Trabajo en el municipio de Medell\u00edn de Bravo; la diputada federal, Rosal\u00eda Le\u00f3n Rosas, dio este encargo al ex candidato para la alcald\u00eda, Magdaleno Rosales Torres. En el evento tambi\u00e9n se design\u00f3 a Norma Carvajal como coordinadora [&hellip;]<\/p>\n","protected":false},"author":2476,"featured_media":69512,"comment_status":"open","ping_status":"open","sticky":false,"template":"","format":"standard","meta":{"_jetpack_memberships_contains_paid_content":false,"footnotes":""},"categories":[2],"tags":[],"class_list":["post-69511","post","type-post","status-publish","format-standard","has-post-thumbnail","hentry","category-estado"],"jetpack_featured_media_url":"https:\/\/encuentroinformativo.com.mx\/wp-content\/uploads\/2025\/07\/IMG-20250723-WA01452.jpg","jetpack_sharing_enabled":true,"jetpack_likes_enabled":true,"amp_enabled":true,"_links":{"self":[{"href":"https:\/\/encuentroinformativo.com.mx\/index.php?rest_route=\/wp\/v2\/posts\/69511","targetHints":{"allow":["GET"]}}],"collection":[{"href":"https:\/\/encuentroinformativo.com.mx\/index.php?rest_route=\/wp\/v2\/posts"}],"about":[{"href":"https:\/\/encuentroinformativo.com.mx\/index.php?rest_route=\/wp\/v2\/types\/post"}],"author":[{"embeddable":true,"href":"https:\/\/encuentroinformativo.com.mx\/index.php?rest_route=\/wp\/v2\/users\/2476"}],"replies":[{"embeddable":true,"href":"https:\/\/encuentroinformativo.com.mx\/index.php?rest_route=%2Fwp%2Fv2%2Fcomments&post=69511"}],"version-history":[{"count":2,"href":"https:\/\/encuentroinformativo.com.mx\/index.php?rest_route=\/wp\/v2\/posts\/69511\/revisions"}],"predecessor-version":[{"id":69514,"href":"https:\/\/encuentroinformativo.com.mx\/index.php?rest_route=\/wp\/v2\/posts\/69511\/revisions\/69514"}],"wp:featuredmedia":[{"embeddable":true,"href":"https:\/\/encuentroinformativo.com.mx\/index.php?rest_route=\/wp\/v2\/media\/69512"}],"wp:attachment":[{"href":"https:\/\/encuentroinformativo.com.mx\/index.php?rest_route=%2Fwp%2Fv2%2Fmedia&parent=69511"}],"wp:term":[{"taxonomy":"category","embeddable":true,"href":"https:\/\/encuentroinformativo.com.mx\/index.php?rest_route=%2Fwp%2Fv2%2Fcategories&post=69511"},{"taxonomy":"post_tag","embeddable":true,"href":"https:\/\/encuentroinformativo.com.mx\/index.php?rest_route=%2Fwp%2Fv2%2Ftags&post=69511"}],"curies":[{"name":"wp","href":"https:\/\/api.w.org\/{rel}","templated":true}]}}