{"id":6952,"date":"2020-10-15T15:21:31","date_gmt":"2020-10-15T20:21:31","guid":{"rendered":"https:\/\/encuentroinformativo.com.mx\/?p=6952"},"modified":"2020-10-15T15:22:01","modified_gmt":"2020-10-15T20:22:01","slug":"realizaran-concurso-de-catrinas-en-veracruz-puerto","status":"publish","type":"post","link":"https:\/\/encuentroinformativo.com.mx\/?p=6952","title":{"rendered":"Realizar\u00e1n concurso de catrinas en Veracruz puerto"},"content":{"rendered":"\n<p><strong>*Cambiar\u00e1n la sede para la calle Independencia. <\/strong><\/p>\n\n\n\n<p><strong>Alejandro \u00c1vila<\/strong><\/p>\n\n\n\n<p>Veracruz, Ver.- El desfile y concurso de Catrinas que cada a\u00f1o se realizaba en Paseo Mart\u00ed, ser\u00e1 trasladado a la avenida Independencia en la edici\u00f3n 2020, inform\u00f3 el director de Turismo, Jos\u00e9 Salvatori Arjona.<\/p>\n\n\n\n<p>El evento se llevar\u00e1 a cabo el jueves 29 de octubre a partir de la 19 horas, por lo que se invita a todos los maquillistas a que presenten su propuesta y puedan ganar una bolsa acumulada de 10 mil pesos.<\/p>\n\n\n\n<p>&#8220;Va a ser en el z\u00f3calo de la ciudad, ya hay seis registradas, sacamos la convocatoria el d\u00eda de ayer apenas, y lo que se va a calificar es la originalidad, la interacci\u00f3n con el p\u00fablico, el vestuario y el maquillaje (\u2026) va a ser desfile, iniciamos en Independencia y terminamos en el z\u00f3calo, y aqu\u00ed en el z\u00f3calo ser\u00e1 la premiaci\u00f3n&#8221;, coment\u00f3.<\/p>\n\n\n\n<p>Durante la semana conmemorativa por el D\u00eda de Muertos, la direcci\u00f3n de Turismo realizar\u00e1 talleres para realizar catrinas y calaveras, adem\u00e1s de que se llevar\u00e1 a cabo el concurso de altar de muertos en el Recinto de la Reforma.<\/p>\n\n\n\n<p>Finalmente, Salvatori Arjona, dijo que se busca, adem\u00e1s de peatonalizar Independencia y reactivar los comercios, hacer funcional nuevamente los callejones del Centro Hist\u00f3rico, aunque los detalles se est\u00e1n preparando y se dar\u00e1n a conocer en el mes de noviembre.<\/p>\n","protected":false},"excerpt":{"rendered":"<p>*Cambiar\u00e1n la sede para la calle Independencia. Alejandro \u00c1vila Veracruz, Ver.- El desfile y concurso de Catrinas que cada a\u00f1o se realizaba en Paseo Mart\u00ed, ser\u00e1 trasladado a la avenida Independencia en la edici\u00f3n 2020, inform\u00f3 el director de Turismo, Jos\u00e9 Salvatori Arjona. El evento se llevar\u00e1 a cabo el jueves 29 de octubre a [&hellip;]<\/p>\n","protected":false},"author":1,"featured_media":6953,"comment_status":"open","ping_status":"open","sticky":false,"template":"","format":"standard","meta":{"_jetpack_memberships_contains_paid_content":false,"footnotes":""},"categories":[2],"tags":[],"class_list":["post-6952","post","type-post","status-publish","format-standard","has-post-thumbnail","hentry","category-estado"],"jetpack_featured_media_url":"https:\/\/encuentroinformativo.com.mx\/wp-content\/uploads\/2020\/10\/6DACBEBA-8977-43DC-B1F6-DC77134319CA.jpeg","jetpack_sharing_enabled":true,"jetpack_likes_enabled":true,"amp_enabled":true,"_links":{"self":[{"href":"https:\/\/encuentroinformativo.com.mx\/index.php?rest_route=\/wp\/v2\/posts\/6952","targetHints":{"allow":["GET"]}}],"collection":[{"href":"https:\/\/encuentroinformativo.com.mx\/index.php?rest_route=\/wp\/v2\/posts"}],"about":[{"href":"https:\/\/encuentroinformativo.com.mx\/index.php?rest_route=\/wp\/v2\/types\/post"}],"author":[{"embeddable":true,"href":"https:\/\/encuentroinformativo.com.mx\/index.php?rest_route=\/wp\/v2\/users\/1"}],"replies":[{"embeddable":true,"href":"https:\/\/encuentroinformativo.com.mx\/index.php?rest_route=%2Fwp%2Fv2%2Fcomments&post=6952"}],"version-history":[{"count":1,"href":"https:\/\/encuentroinformativo.com.mx\/index.php?rest_route=\/wp\/v2\/posts\/6952\/revisions"}],"predecessor-version":[{"id":6954,"href":"https:\/\/encuentroinformativo.com.mx\/index.php?rest_route=\/wp\/v2\/posts\/6952\/revisions\/6954"}],"wp:featuredmedia":[{"embeddable":true,"href":"https:\/\/encuentroinformativo.com.mx\/index.php?rest_route=\/wp\/v2\/media\/6953"}],"wp:attachment":[{"href":"https:\/\/encuentroinformativo.com.mx\/index.php?rest_route=%2Fwp%2Fv2%2Fmedia&parent=6952"}],"wp:term":[{"taxonomy":"category","embeddable":true,"href":"https:\/\/encuentroinformativo.com.mx\/index.php?rest_route=%2Fwp%2Fv2%2Fcategories&post=6952"},{"taxonomy":"post_tag","embeddable":true,"href":"https:\/\/encuentroinformativo.com.mx\/index.php?rest_route=%2Fwp%2Fv2%2Ftags&post=6952"}],"curies":[{"name":"wp","href":"https:\/\/api.w.org\/{rel}","templated":true}]}}