{"id":69520,"date":"2025-07-23T14:56:21","date_gmt":"2025-07-23T20:56:21","guid":{"rendered":"https:\/\/encuentroinformativo.com.mx\/?p=69520"},"modified":"2025-07-23T14:56:21","modified_gmt":"2025-07-23T20:56:21","slug":"uso-de-celular-afecta-vista-de-menores-senala-optometrista","status":"publish","type":"post","link":"https:\/\/encuentroinformativo.com.mx\/?p=69520","title":{"rendered":"Uso de celular afecta vista de menores, se\u00f1ala optometrista\u00a0"},"content":{"rendered":"<p><strong>Dar\u00edo Pale<\/strong><\/p>\n<p>Xalapa, Ver.- El optometrista Jes\u00fas Emanuel Herrera Garrido, dio a conocer que a los ni\u00f1os peque\u00f1os les afecta el que tengan el celular mucho tiempo ya que les atrofia los m\u00fasculos interiores ya que no permite que se desarrollen.<\/p>\n<p>En entrevista coment\u00f3 que, \u201chablando de la tecnolog\u00eda, pues lo que va a afectar es una atrofia en los m\u00fasculos interiores del ojo, imag\u00ednate, al tener algo que adictivamente tengas tan cerca y que tengas que enfocar de manera tan pr\u00f3xima, los m\u00fasculos del ojo no se desarrollan, junto con eso el estilo de vida que estamos teniendo tan sedentario precisamente hace que el ni\u00f1o no se exponga a la luz\u201d.<\/p>\n<p>Dijo que actualmente es dif\u00edcil tal vez tener a los hijos jugando en la calle, pero precisamente tener actividades como salir al parque en familia, pues ayudar\u00edan much\u00edsimo al desarrollo, de los peque\u00f1os, esta informaci\u00f3n cient\u00edfica tiene estudios, estudios que ellos revisan precisamente de manera profesional para poder darles esta informaci\u00f3n.<\/p>\n<p>\u201cPor consiguiente, pues sabemos que tenemos esta ola de miop\u00eda que no solo se est\u00e1 presentando en M\u00e9xico, ya sabemos que esto viene desde hace a\u00f1os y que s\u00ed est\u00e1 atrofiando la visi\u00f3n de los ni\u00f1os, que obviamente se van a convertir en j\u00f3venes y que esos j\u00f3venes son los profesionales que tenemos hoy en d\u00eda\u201d, se\u00f1al\u00f3.<\/p>\n<p>\u201cCr\u00e9eme que utilizar lentes, aunque para muchos es muy simple, para otros es una noticia impactante, el perder la visi\u00f3n, el sentir que ya te est\u00e1 haciendo falta lentes de cerca, para muchos pacientes puede ser tan f\u00e1cil como irte a comprar un lente, pero para otros puede causarles una depresi\u00f3n profunda, por ejemplo y nosotros tenemos la capacidad no solo para vender tu lente sino para llevarte de la mano en cada uno de estos casos\u201d, agreg\u00f3.<\/p>\n<p>Por otra parte el Doctor Francisco Aguilar Rebolledo, rector de la Universidad Biom\u00e9dica Rafael Guizar y Valencia, dio a conocer que hay un estudio que hicieron en la Universidad Biom\u00e9dica, donde analizaron 1,300 ojos de ni\u00f1os, alrededor de 700 pacientes ni\u00f1os de primaria, secundaria y preparatoria, le hicieron todos los an\u00e1lisis visuales necesarios y encontraron que el 33 por ciento de los ni\u00f1os necesitan correcci\u00f3n visual.<\/p>\n<p>\u201cEsto est\u00e1 publicado hasta en la literatura y pues ha causado mucho impacto porque cuando han hecho estos estudios en otros estados del pa\u00eds y en otros pa\u00edses encuentran efectivamente que la salud visual debe ser una prioridad, es decir, muchos ni\u00f1os tienen malas calificaciones, muchos ni\u00f1os tienen dificultades en la relaci\u00f3n con el maestro porque no ven y el maestro nunca se plantea que el problema es la visi\u00f3n, entonces le rega\u00f1an porque no ve bien, porque se mueve tratando de ubicar esa imagen para llevarla al cerebro y mantenerla de manera significativa. Eso se llama aprendizaje significativo\u201d, coment\u00f3.<\/p>\n<p>\u201cY por otro lado, es importante saber que hay cada vez, no solamente los ni\u00f1os a los que nos hemos enfocado \u00faltimamente, sino los adultos con enfermedades como la diabetes, la hipertensi\u00f3n, la obesidad, las grasas en la sangre, tambi\u00e9n afectan la parte visual y psicol\u00f3gica\u201d, inform\u00f3.<\/p>\n<p>Finalmente dieron a conocer que, cualquier ni\u00f1o que tiene un promedio de 3 a 4 a\u00f1os ya puede ser evaluado de distintas maneras, reflejo oculomotor, percepci\u00f3n de movimientos, visi\u00f3n de colores, ya que precisamente la profesi\u00f3n se desarrolla no solo en tomar agudeza, sino evaluar la visi\u00f3n.<\/p>\n","protected":false},"excerpt":{"rendered":"<p>Dar\u00edo Pale Xalapa, Ver.- El optometrista Jes\u00fas Emanuel Herrera Garrido, dio a conocer que a los ni\u00f1os peque\u00f1os les afecta el que tengan el celular mucho tiempo ya que les atrofia los m\u00fasculos interiores ya que no permite que se desarrollen. En entrevista coment\u00f3 que, \u201chablando de la tecnolog\u00eda, pues lo que va a afectar [&hellip;]<\/p>\n","protected":false},"author":2476,"featured_media":69521,"comment_status":"open","ping_status":"open","sticky":false,"template":"","format":"standard","meta":{"_jetpack_memberships_contains_paid_content":false,"footnotes":""},"categories":[9],"tags":[],"class_list":["post-69520","post","type-post","status-publish","format-standard","has-post-thumbnail","hentry","category-salud"],"jetpack_featured_media_url":"https:\/\/encuentroinformativo.com.mx\/wp-content\/uploads\/2025\/07\/IMG-20250723-WA0157.jpg","jetpack_sharing_enabled":true,"jetpack_likes_enabled":true,"amp_enabled":true,"_links":{"self":[{"href":"https:\/\/encuentroinformativo.com.mx\/index.php?rest_route=\/wp\/v2\/posts\/69520","targetHints":{"allow":["GET"]}}],"collection":[{"href":"https:\/\/encuentroinformativo.com.mx\/index.php?rest_route=\/wp\/v2\/posts"}],"about":[{"href":"https:\/\/encuentroinformativo.com.mx\/index.php?rest_route=\/wp\/v2\/types\/post"}],"author":[{"embeddable":true,"href":"https:\/\/encuentroinformativo.com.mx\/index.php?rest_route=\/wp\/v2\/users\/2476"}],"replies":[{"embeddable":true,"href":"https:\/\/encuentroinformativo.com.mx\/index.php?rest_route=%2Fwp%2Fv2%2Fcomments&post=69520"}],"version-history":[{"count":1,"href":"https:\/\/encuentroinformativo.com.mx\/index.php?rest_route=\/wp\/v2\/posts\/69520\/revisions"}],"predecessor-version":[{"id":69522,"href":"https:\/\/encuentroinformativo.com.mx\/index.php?rest_route=\/wp\/v2\/posts\/69520\/revisions\/69522"}],"wp:featuredmedia":[{"embeddable":true,"href":"https:\/\/encuentroinformativo.com.mx\/index.php?rest_route=\/wp\/v2\/media\/69521"}],"wp:attachment":[{"href":"https:\/\/encuentroinformativo.com.mx\/index.php?rest_route=%2Fwp%2Fv2%2Fmedia&parent=69520"}],"wp:term":[{"taxonomy":"category","embeddable":true,"href":"https:\/\/encuentroinformativo.com.mx\/index.php?rest_route=%2Fwp%2Fv2%2Fcategories&post=69520"},{"taxonomy":"post_tag","embeddable":true,"href":"https:\/\/encuentroinformativo.com.mx\/index.php?rest_route=%2Fwp%2Fv2%2Ftags&post=69520"}],"curies":[{"name":"wp","href":"https:\/\/api.w.org\/{rel}","templated":true}]}}