{"id":69523,"date":"2025-07-23T15:18:52","date_gmt":"2025-07-23T21:18:52","guid":{"rendered":"https:\/\/encuentroinformativo.com.mx\/?p=69523"},"modified":"2025-07-23T15:18:52","modified_gmt":"2025-07-23T21:18:52","slug":"reconocen-alcaldes-priistas-electos-apertura-al-dialogo","status":"publish","type":"post","link":"https:\/\/encuentroinformativo.com.mx\/?p=69523","title":{"rendered":"Reconocen alcaldes priistas electos apertura al di\u00e1logo"},"content":{"rendered":"<p><strong>Dar\u00edo Pale<\/strong><\/p>\n<p>Xalapa, Ver.- La alcaldesa electa del municipio de Tlalnelhuayocan, Arianna \u00c1ngeles Aguirre destac\u00f3 la apertura de la gobernadora Norma Roc\u00edo Nahle Garc\u00eda para dialogar con los ediles de oposici\u00f3n, en este caso los del PRI.<\/p>\n<p>&#8220;Entendemos que hay apertura, queremos que haya di\u00e1logo, gesti\u00f3n, trabajo para bien de cada uno de los municipios&#8221;, se\u00f1al\u00f3.<\/p>\n<p>Asimismo, reiter\u00f3 el agradecimiento a la titular del Poder Ejecutivo veracruzano por la pluralidad, sin distingos, sin colores, &#8220;porque venimos a servirle a la gente&#8221;.<\/p>\n<p>La alcaldesa electa indic\u00f3 que cada edil trae sus temas muy particulares, &#8220;porque eso es lo que se requiere, que haya tr\u00e1nsito, apertura, di\u00e1logo y hoy lo estamos viendo&#8221;.<\/p>\n<p>Arianna \u00c1ngeles Aguirre detall\u00f3 que en el caso de Tlalnelhuayocan hay temas prioritarios como seguridad, educaci\u00f3n, salud, caminos y servicios b\u00e1sicos.<\/p>\n<p>Finalmente coment\u00f3 que, &#8220;falta mucho por hacer en el municipio y traemos un gran compromiso de servir a la ciudadan\u00eda y sobre todo de no defraudar la confianza que nos han brindado&#8221;.<\/p>\n","protected":false},"excerpt":{"rendered":"<p>Dar\u00edo Pale Xalapa, Ver.- La alcaldesa electa del municipio de Tlalnelhuayocan, Arianna \u00c1ngeles Aguirre destac\u00f3 la apertura de la gobernadora Norma Roc\u00edo Nahle Garc\u00eda para dialogar con los ediles de oposici\u00f3n, en este caso los del PRI. &#8220;Entendemos que hay apertura, queremos que haya di\u00e1logo, gesti\u00f3n, trabajo para bien de cada uno de los municipios&#8221;, [&hellip;]<\/p>\n","protected":false},"author":2476,"featured_media":69524,"comment_status":"open","ping_status":"open","sticky":false,"template":"","format":"standard","meta":{"_jetpack_memberships_contains_paid_content":false,"footnotes":""},"categories":[2],"tags":[],"class_list":["post-69523","post","type-post","status-publish","format-standard","has-post-thumbnail","hentry","category-estado"],"jetpack_featured_media_url":"https:\/\/encuentroinformativo.com.mx\/wp-content\/uploads\/2025\/07\/IMG-20250723-WA01902.jpg","jetpack_sharing_enabled":true,"jetpack_likes_enabled":true,"amp_enabled":true,"_links":{"self":[{"href":"https:\/\/encuentroinformativo.com.mx\/index.php?rest_route=\/wp\/v2\/posts\/69523","targetHints":{"allow":["GET"]}}],"collection":[{"href":"https:\/\/encuentroinformativo.com.mx\/index.php?rest_route=\/wp\/v2\/posts"}],"about":[{"href":"https:\/\/encuentroinformativo.com.mx\/index.php?rest_route=\/wp\/v2\/types\/post"}],"author":[{"embeddable":true,"href":"https:\/\/encuentroinformativo.com.mx\/index.php?rest_route=\/wp\/v2\/users\/2476"}],"replies":[{"embeddable":true,"href":"https:\/\/encuentroinformativo.com.mx\/index.php?rest_route=%2Fwp%2Fv2%2Fcomments&post=69523"}],"version-history":[{"count":1,"href":"https:\/\/encuentroinformativo.com.mx\/index.php?rest_route=\/wp\/v2\/posts\/69523\/revisions"}],"predecessor-version":[{"id":69525,"href":"https:\/\/encuentroinformativo.com.mx\/index.php?rest_route=\/wp\/v2\/posts\/69523\/revisions\/69525"}],"wp:featuredmedia":[{"embeddable":true,"href":"https:\/\/encuentroinformativo.com.mx\/index.php?rest_route=\/wp\/v2\/media\/69524"}],"wp:attachment":[{"href":"https:\/\/encuentroinformativo.com.mx\/index.php?rest_route=%2Fwp%2Fv2%2Fmedia&parent=69523"}],"wp:term":[{"taxonomy":"category","embeddable":true,"href":"https:\/\/encuentroinformativo.com.mx\/index.php?rest_route=%2Fwp%2Fv2%2Fcategories&post=69523"},{"taxonomy":"post_tag","embeddable":true,"href":"https:\/\/encuentroinformativo.com.mx\/index.php?rest_route=%2Fwp%2Fv2%2Ftags&post=69523"}],"curies":[{"name":"wp","href":"https:\/\/api.w.org\/{rel}","templated":true}]}}