{"id":69526,"date":"2025-07-23T15:28:17","date_gmt":"2025-07-23T21:28:17","guid":{"rendered":"https:\/\/encuentroinformativo.com.mx\/?p=69526"},"modified":"2025-07-23T15:28:17","modified_gmt":"2025-07-23T21:28:17","slug":"solicitan-taxistas-reunion-de-trabajo-con-la-gobernadora-nahle","status":"publish","type":"post","link":"https:\/\/encuentroinformativo.com.mx\/?p=69526","title":{"rendered":"Solicitan taxistas reuni\u00f3n de trabajo con la gobernadora Nahle"},"content":{"rendered":"<p><strong>Dar\u00edo Pale<\/strong><\/p>\n<p>Xalapa, Ver.- Piden l\u00edderes taxistas que entreguen estudios t\u00e9cnicos sobre las tarifas y no quieren reuniones con los secretarios de Gobierno y de la Secretar\u00eda de Seguridad P\u00fablica porque ellos no toman las decisiones sino la gobernadora.<\/p>\n<p>L\u00edderes taxistas le solicitan a la gobernadora de Veracruz, Norma Roc\u00edo Nahle Garc\u00eda que muestre y les entregue los estudios t\u00e9cnicos en los cuales se basaron para determinar las nuevas tarifas de taxis.<\/p>\n<p>En entrevista, Claudia Elizabeth Hern\u00e1ndez Siles, dirigente estatal de la Organizaci\u00f3n Movimiento Nacional Transportista, coment\u00f3 que esas tarifas representan un impacto negativo econ\u00f3mico hacia el sector.<\/p>\n<p>&#8220;Donde tambi\u00e9n se hace m\u00e1s grande el abismo del repudio que tiene la sociedad, porque si se metieron a hacer una tarifa de actualizaci\u00f3n, pues tambi\u00e9n hubieran actualizado el crecimiento de los municipios y de las localidades&#8221;, expuso.<\/p>\n<p>Critic\u00f3 que solo hicieron &#8220;cambio de numeraci\u00f3n y lamentablemente estamos saliendo afectados.<\/p>\n<p>&#8220;Queremos que la se\u00f1ora gobernadora entienda que el tema lo tiene que tratar de la mano con los que sabemos la problem\u00e1tica y tenemos los distintos puntos de soluci\u00f3n, en donde podamos salir de acuerdo, tanto nosotros como sector y a la ciudadan\u00eda tambi\u00e9n le demos la garant\u00eda de que va a tener un servicio con la seguridad de que no vaya a ser abusado en el tema del cobro&#8221;, manifest\u00f3.<\/p>\n<p>Asimismo, lament\u00f3 que no hayan creado m\u00e1s per\u00edmetros, &#8220;donde sabemos que el crecimiento urbano ha sido muy significativo en 23 a\u00f1os en distintos municipios y no fueron contemplados y siguen dejando en el desamparo al usuario, por qu\u00e9, porque van a ser tarifas convencionales&#8221;.<\/p>\n<p>Por ello, pidi\u00f3 una mesa de trabajo con los verdaderos dirigentes, que la atienda directamente la gobernadora.<\/p>\n<p>Finalmente advirtieron que no aceptar\u00e1n reuniones con los secretarios de Gobierno y de Seguridad P\u00fablica, &#8220;porque ellos no tienen la toma de decisiones&#8221;.<\/p>\n","protected":false},"excerpt":{"rendered":"<p>Dar\u00edo Pale Xalapa, Ver.- Piden l\u00edderes taxistas que entreguen estudios t\u00e9cnicos sobre las tarifas y no quieren reuniones con los secretarios de Gobierno y de la Secretar\u00eda de Seguridad P\u00fablica porque ellos no toman las decisiones sino la gobernadora. L\u00edderes taxistas le solicitan a la gobernadora de Veracruz, Norma Roc\u00edo Nahle Garc\u00eda que muestre y [&hellip;]<\/p>\n","protected":false},"author":2476,"featured_media":69527,"comment_status":"open","ping_status":"open","sticky":false,"template":"","format":"standard","meta":{"_jetpack_memberships_contains_paid_content":false,"footnotes":""},"categories":[3],"tags":[],"class_list":["post-69526","post","type-post","status-publish","format-standard","has-post-thumbnail","hentry","category-xalapa"],"jetpack_featured_media_url":"https:\/\/encuentroinformativo.com.mx\/wp-content\/uploads\/2025\/07\/IMG-20250723-WA0184.jpg","jetpack_sharing_enabled":true,"jetpack_likes_enabled":true,"amp_enabled":true,"_links":{"self":[{"href":"https:\/\/encuentroinformativo.com.mx\/index.php?rest_route=\/wp\/v2\/posts\/69526","targetHints":{"allow":["GET"]}}],"collection":[{"href":"https:\/\/encuentroinformativo.com.mx\/index.php?rest_route=\/wp\/v2\/posts"}],"about":[{"href":"https:\/\/encuentroinformativo.com.mx\/index.php?rest_route=\/wp\/v2\/types\/post"}],"author":[{"embeddable":true,"href":"https:\/\/encuentroinformativo.com.mx\/index.php?rest_route=\/wp\/v2\/users\/2476"}],"replies":[{"embeddable":true,"href":"https:\/\/encuentroinformativo.com.mx\/index.php?rest_route=%2Fwp%2Fv2%2Fcomments&post=69526"}],"version-history":[{"count":1,"href":"https:\/\/encuentroinformativo.com.mx\/index.php?rest_route=\/wp\/v2\/posts\/69526\/revisions"}],"predecessor-version":[{"id":69528,"href":"https:\/\/encuentroinformativo.com.mx\/index.php?rest_route=\/wp\/v2\/posts\/69526\/revisions\/69528"}],"wp:featuredmedia":[{"embeddable":true,"href":"https:\/\/encuentroinformativo.com.mx\/index.php?rest_route=\/wp\/v2\/media\/69527"}],"wp:attachment":[{"href":"https:\/\/encuentroinformativo.com.mx\/index.php?rest_route=%2Fwp%2Fv2%2Fmedia&parent=69526"}],"wp:term":[{"taxonomy":"category","embeddable":true,"href":"https:\/\/encuentroinformativo.com.mx\/index.php?rest_route=%2Fwp%2Fv2%2Fcategories&post=69526"},{"taxonomy":"post_tag","embeddable":true,"href":"https:\/\/encuentroinformativo.com.mx\/index.php?rest_route=%2Fwp%2Fv2%2Ftags&post=69526"}],"curies":[{"name":"wp","href":"https:\/\/api.w.org\/{rel}","templated":true}]}}