{"id":69538,"date":"2025-07-24T11:14:04","date_gmt":"2025-07-24T17:14:04","guid":{"rendered":"https:\/\/encuentroinformativo.com.mx\/?p=69538"},"modified":"2025-07-24T11:14:04","modified_gmt":"2025-07-24T17:14:04","slug":"familia-de-joven-con-esquizofrenia-pide-ayuda-tras-confusion-en-autopista-isla-acayucan","status":"publish","type":"post","link":"https:\/\/encuentroinformativo.com.mx\/?p=69538","title":{"rendered":"Familia de joven con esquizofrenia pide ayuda tras confusi\u00f3n en autopista Isla-Acayucan"},"content":{"rendered":"<p><strong>Jos\u00e9 Vargas<\/strong><\/p>\n<p>Isla-Acayucan, Ver.- La familia de Gustavo Adri\u00e1n P\u00e9rez Guti\u00e9rrez ha salido a aclarar p\u00fablicamente los hechos ocurridos el pasado mi\u00e9rcoles en la autopista Isla\u2013Acayucan, luego de que el joven fuera err\u00f3neamente se\u00f1alado como presunto ladr\u00f3n de carretera tras brincar al cofre de un autom\u00f3vil en plena v\u00eda r\u00e1pida.<\/p>\n<p>Lo que muchos no sab\u00edan es que Gustavo vive con esquizofrenia, una enfermedad mental cr\u00f3nica que afecta a m\u00e1s de un mill\u00f3n de personas en M\u00e9xico y a m\u00e1s de 24 millones en todo el mundo, de acuerdo con datos de la OMS. Ese d\u00eda, el joven atravesaba una crisis aguda producto de su condici\u00f3n.<\/p>\n<p>\u201cGustavo no es un delincuente. Es un paciente que necesita tratamiento y atenci\u00f3n m\u00e9dica especializada. Lo que ocurri\u00f3 fue un episodio de descompensaci\u00f3n\u201d, explicaron familiares, quienes han solicitado el apoyo urgente del sector salud para su valoraci\u00f3n y cuidado.<\/p>\n<p>La esquizofrenia es una enfermedad compleja que afecta el pensamiento, la percepci\u00f3n y el comportamiento. Las crisis pueden provocar desconexi\u00f3n de la realidad y actos impulsivos que, para quienes no conocen la enfermedad, pueden parecer peligrosos o agresivos.<\/p>\n<p>La familia tambi\u00e9n pidi\u00f3 comprensi\u00f3n y empat\u00eda a la ciudadan\u00eda, recordando que muchas veces, los trastornos mentales no se ven, pero existen y requieren atenci\u00f3n oportuna.<\/p>\n<p>\u201cGustavo lucha a diario para vivir con esta condici\u00f3n. No ha sido f\u00e1cil para \u00e9l ni para nosotros. Hoy, m\u00e1s que nunca, necesitamos que el sistema de salud nos ayude\u201d, expres\u00f3 uno de sus allegados.<\/p>\n<p>Actualmente, se mantiene bajo cuidado familiar mientras se gestiona su atenci\u00f3n con instituciones m\u00e9dicas, pero insisten en que es urgente su acceso a tratamiento psiqui\u00e1trico y medicamentos adecuados para evitar nuevas crisis.<\/p>\n","protected":false},"excerpt":{"rendered":"<p>Jos\u00e9 Vargas Isla-Acayucan, Ver.- La familia de Gustavo Adri\u00e1n P\u00e9rez Guti\u00e9rrez ha salido a aclarar p\u00fablicamente los hechos ocurridos el pasado mi\u00e9rcoles en la autopista Isla\u2013Acayucan, luego de que el joven fuera err\u00f3neamente se\u00f1alado como presunto ladr\u00f3n de carretera tras brincar al cofre de un autom\u00f3vil en plena v\u00eda r\u00e1pida. Lo que muchos no sab\u00edan [&hellip;]<\/p>\n","protected":false},"author":2476,"featured_media":69539,"comment_status":"open","ping_status":"open","sticky":false,"template":"","format":"standard","meta":{"_jetpack_memberships_contains_paid_content":false,"footnotes":""},"categories":[2],"tags":[],"class_list":["post-69538","post","type-post","status-publish","format-standard","has-post-thumbnail","hentry","category-estado"],"jetpack_featured_media_url":"https:\/\/encuentroinformativo.com.mx\/wp-content\/uploads\/2025\/07\/IMG-20250724-WA00372.jpg","jetpack_sharing_enabled":true,"jetpack_likes_enabled":true,"amp_enabled":true,"_links":{"self":[{"href":"https:\/\/encuentroinformativo.com.mx\/index.php?rest_route=\/wp\/v2\/posts\/69538","targetHints":{"allow":["GET"]}}],"collection":[{"href":"https:\/\/encuentroinformativo.com.mx\/index.php?rest_route=\/wp\/v2\/posts"}],"about":[{"href":"https:\/\/encuentroinformativo.com.mx\/index.php?rest_route=\/wp\/v2\/types\/post"}],"author":[{"embeddable":true,"href":"https:\/\/encuentroinformativo.com.mx\/index.php?rest_route=\/wp\/v2\/users\/2476"}],"replies":[{"embeddable":true,"href":"https:\/\/encuentroinformativo.com.mx\/index.php?rest_route=%2Fwp%2Fv2%2Fcomments&post=69538"}],"version-history":[{"count":1,"href":"https:\/\/encuentroinformativo.com.mx\/index.php?rest_route=\/wp\/v2\/posts\/69538\/revisions"}],"predecessor-version":[{"id":69540,"href":"https:\/\/encuentroinformativo.com.mx\/index.php?rest_route=\/wp\/v2\/posts\/69538\/revisions\/69540"}],"wp:featuredmedia":[{"embeddable":true,"href":"https:\/\/encuentroinformativo.com.mx\/index.php?rest_route=\/wp\/v2\/media\/69539"}],"wp:attachment":[{"href":"https:\/\/encuentroinformativo.com.mx\/index.php?rest_route=%2Fwp%2Fv2%2Fmedia&parent=69538"}],"wp:term":[{"taxonomy":"category","embeddable":true,"href":"https:\/\/encuentroinformativo.com.mx\/index.php?rest_route=%2Fwp%2Fv2%2Fcategories&post=69538"},{"taxonomy":"post_tag","embeddable":true,"href":"https:\/\/encuentroinformativo.com.mx\/index.php?rest_route=%2Fwp%2Fv2%2Ftags&post=69538"}],"curies":[{"name":"wp","href":"https:\/\/api.w.org\/{rel}","templated":true}]}}