{"id":69542,"date":"2025-07-24T11:54:46","date_gmt":"2025-07-24T17:54:46","guid":{"rendered":"https:\/\/encuentroinformativo.com.mx\/?p=69542"},"modified":"2025-07-24T11:54:46","modified_gmt":"2025-07-24T17:54:46","slug":"fuerza-naranja-de-guadalajara-dara-respaldo-total-al-nuevo-gobierno-de-poza-rica","status":"publish","type":"post","link":"https:\/\/encuentroinformativo.com.mx\/?p=69542","title":{"rendered":"&#8220;Fuerza Naranja&#8221; de Guadalajara dar\u00e1 respaldo total al nuevo gobierno de Poza Rica"},"content":{"rendered":"<p><strong>Alejandro \u00c1vila<\/strong><\/p>\n<p>Veracruz, Ver.- Debido a las malas experiencias en las \u00faltimas administraciones del municipio de Poza Rica, la alcald\u00eda electa signo un convenio de colaboraci\u00f3n con el gobierno de Guadalajara, que preside Ver\u00f3nica Delgadillo.<\/p>\n<p>Emilio Olvera, alcalde electo por Movimiento Ciudadano se\u00f1al\u00f3 que, buscar\u00e1n trasladar modelos de \u00e9xito de la &#8220;Perla Tapat\u00eda&#8221; a Poza Rica en \u00e1reas como, Seguridad, Servicios Urbanos, Desarrollo Social y Participaci\u00f3n Ciudadana.<\/p>\n<p>Durante el encuentro, el gobierno de Guadalajara expuso sus programas m\u00e1s emblem\u00e1ticos, entre ellos: seguridad con enfoque comunitario, servicios p\u00fablicos apoyados en tecnolog\u00eda, apoyos sociales incluyentes y gobernanza desde el territorio. Estas iniciativas ser\u00e1n estudiadas por el equipo de transici\u00f3n de Olvera para ser adaptadas al contexto veracruzano.<\/p>\n<p>Emilio Olvera destac\u00f3 que esta alianza no se trata de una gira simb\u00f3lica, sino de un compromiso para aplicar pol\u00edticas probadas que generen impacto desde el primer d\u00eda de gobierno. Agradeci\u00f3 la apertura del gobierno tapat\u00edo y se comprometi\u00f3 a convertir este acercamiento en resultados concretos para la gente.<\/p>\n<p>\u201cPoza Rica no puede esperar. Venimos a aprender de quienes ya han transformado sus ciudades. Hoy comienza el nuevo rumbo para nuestro municipio\u201d, declar\u00f3 Olvera al finalizar la reuni\u00f3n.<\/p>\n","protected":false},"excerpt":{"rendered":"<p>Alejandro \u00c1vila Veracruz, Ver.- Debido a las malas experiencias en las \u00faltimas administraciones del municipio de Poza Rica, la alcald\u00eda electa signo un convenio de colaboraci\u00f3n con el gobierno de Guadalajara, que preside Ver\u00f3nica Delgadillo. Emilio Olvera, alcalde electo por Movimiento Ciudadano se\u00f1al\u00f3 que, buscar\u00e1n trasladar modelos de \u00e9xito de la &#8220;Perla Tapat\u00eda&#8221; a Poza [&hellip;]<\/p>\n","protected":false},"author":2476,"featured_media":69544,"comment_status":"open","ping_status":"open","sticky":false,"template":"","format":"standard","meta":{"_jetpack_memberships_contains_paid_content":false,"footnotes":""},"categories":[2],"tags":[],"class_list":["post-69542","post","type-post","status-publish","format-standard","has-post-thumbnail","hentry","category-estado"],"jetpack_featured_media_url":"https:\/\/encuentroinformativo.com.mx\/wp-content\/uploads\/2025\/07\/IMG-20250724-WA0236.jpg","jetpack_sharing_enabled":true,"jetpack_likes_enabled":true,"amp_enabled":true,"_links":{"self":[{"href":"https:\/\/encuentroinformativo.com.mx\/index.php?rest_route=\/wp\/v2\/posts\/69542","targetHints":{"allow":["GET"]}}],"collection":[{"href":"https:\/\/encuentroinformativo.com.mx\/index.php?rest_route=\/wp\/v2\/posts"}],"about":[{"href":"https:\/\/encuentroinformativo.com.mx\/index.php?rest_route=\/wp\/v2\/types\/post"}],"author":[{"embeddable":true,"href":"https:\/\/encuentroinformativo.com.mx\/index.php?rest_route=\/wp\/v2\/users\/2476"}],"replies":[{"embeddable":true,"href":"https:\/\/encuentroinformativo.com.mx\/index.php?rest_route=%2Fwp%2Fv2%2Fcomments&post=69542"}],"version-history":[{"count":1,"href":"https:\/\/encuentroinformativo.com.mx\/index.php?rest_route=\/wp\/v2\/posts\/69542\/revisions"}],"predecessor-version":[{"id":69545,"href":"https:\/\/encuentroinformativo.com.mx\/index.php?rest_route=\/wp\/v2\/posts\/69542\/revisions\/69545"}],"wp:featuredmedia":[{"embeddable":true,"href":"https:\/\/encuentroinformativo.com.mx\/index.php?rest_route=\/wp\/v2\/media\/69544"}],"wp:attachment":[{"href":"https:\/\/encuentroinformativo.com.mx\/index.php?rest_route=%2Fwp%2Fv2%2Fmedia&parent=69542"}],"wp:term":[{"taxonomy":"category","embeddable":true,"href":"https:\/\/encuentroinformativo.com.mx\/index.php?rest_route=%2Fwp%2Fv2%2Fcategories&post=69542"},{"taxonomy":"post_tag","embeddable":true,"href":"https:\/\/encuentroinformativo.com.mx\/index.php?rest_route=%2Fwp%2Fv2%2Ftags&post=69542"}],"curies":[{"name":"wp","href":"https:\/\/api.w.org\/{rel}","templated":true}]}}