{"id":69550,"date":"2025-07-24T14:27:19","date_gmt":"2025-07-24T20:27:19","guid":{"rendered":"https:\/\/encuentroinformativo.com.mx\/?p=69550"},"modified":"2025-07-24T14:27:19","modified_gmt":"2025-07-24T20:27:19","slug":"intensifican-reencarpetamiento-en-carreteras-de-veracruz","status":"publish","type":"post","link":"https:\/\/encuentroinformativo.com.mx\/?p=69550","title":{"rendered":"Intensifican reencarpetamiento en carreteras de Veracruz"},"content":{"rendered":"<p><strong>Dar\u00edo Pale<\/strong><\/p>\n<p>Xalapa, Ver.- La gobernadora Norma Roc\u00edo Nahle Garc\u00eda dio a conocer que mando m\u00e1s maquinaria para arreglar la carretera C\u00f3rdoba-Veracruz y la pr\u00f3xima semana anunciar\u00e1 el programa de reencarpetamiento de caminos y carreteras.<\/p>\n<p>En entrevista coment\u00f3 que, viendo el avance de la carretera de C\u00f3rdoba a Veracruz, dijo que va muy bien que ya hay m\u00e1s maquinaria ya que hab\u00eda muy poca, hablaron con la SCT, y gracias al apoyo de la presidenta de M\u00e9xico Claudia Sheinbaum Pardo por apoyar para tener mejores caminos.<\/p>\n<p>\u201cTraemos, es un programa de reencarpetamiento, lo voy a anunciar yo creo que la pr\u00f3xima semana. Este fin de semana, por ejemplo, damos banderazos ya, damos banderazos a varios tramos, este s\u00e1bado creo que estamos en Ignacio de la Llave a Tlalixcoyan, metida en caminos y carreteras, todos estos meses que faltan\u201d, se\u00f1al\u00f3.<\/p>\n<p>Recalc\u00f3 que el secretario de gobierno \u201cme ayuda much\u00edsimo, pues es el que nos lleva todo la pol\u00edtica interna de aqu\u00ed del estado. Es que atiende todos los temas en el estado y aparte en las ma\u00f1anas todas las mesas de seguridad nos acompa\u00f1an\u201d.<\/p>\n<p>Finalmente en cuanto al libramiento de C\u00f3rdoba- Orizaba como lo anunci\u00f3 la presidenta Claudia Sheinbaum va a ser una Alianza P\u00fablico-Privada (APP), la licitan \u201cno s\u00e9 si en el 26 o a finales de este a\u00f1o, pero va a ser una licitaci\u00f3n, la hace la SCT a nivel federal\u201d.<\/p>\n","protected":false},"excerpt":{"rendered":"<p>Dar\u00edo Pale Xalapa, Ver.- La gobernadora Norma Roc\u00edo Nahle Garc\u00eda dio a conocer que mando m\u00e1s maquinaria para arreglar la carretera C\u00f3rdoba-Veracruz y la pr\u00f3xima semana anunciar\u00e1 el programa de reencarpetamiento de caminos y carreteras. En entrevista coment\u00f3 que, viendo el avance de la carretera de C\u00f3rdoba a Veracruz, dijo que va muy bien que [&hellip;]<\/p>\n","protected":false},"author":2476,"featured_media":69553,"comment_status":"open","ping_status":"open","sticky":false,"template":"","format":"standard","meta":{"_jetpack_memberships_contains_paid_content":false,"footnotes":""},"categories":[2],"tags":[],"class_list":["post-69550","post","type-post","status-publish","format-standard","has-post-thumbnail","hentry","category-estado"],"jetpack_featured_media_url":"https:\/\/encuentroinformativo.com.mx\/wp-content\/uploads\/2025\/07\/IMG-20250724-WA03133-scaled.jpg","jetpack_sharing_enabled":true,"jetpack_likes_enabled":true,"amp_enabled":true,"_links":{"self":[{"href":"https:\/\/encuentroinformativo.com.mx\/index.php?rest_route=\/wp\/v2\/posts\/69550","targetHints":{"allow":["GET"]}}],"collection":[{"href":"https:\/\/encuentroinformativo.com.mx\/index.php?rest_route=\/wp\/v2\/posts"}],"about":[{"href":"https:\/\/encuentroinformativo.com.mx\/index.php?rest_route=\/wp\/v2\/types\/post"}],"author":[{"embeddable":true,"href":"https:\/\/encuentroinformativo.com.mx\/index.php?rest_route=\/wp\/v2\/users\/2476"}],"replies":[{"embeddable":true,"href":"https:\/\/encuentroinformativo.com.mx\/index.php?rest_route=%2Fwp%2Fv2%2Fcomments&post=69550"}],"version-history":[{"count":1,"href":"https:\/\/encuentroinformativo.com.mx\/index.php?rest_route=\/wp\/v2\/posts\/69550\/revisions"}],"predecessor-version":[{"id":69552,"href":"https:\/\/encuentroinformativo.com.mx\/index.php?rest_route=\/wp\/v2\/posts\/69550\/revisions\/69552"}],"wp:featuredmedia":[{"embeddable":true,"href":"https:\/\/encuentroinformativo.com.mx\/index.php?rest_route=\/wp\/v2\/media\/69553"}],"wp:attachment":[{"href":"https:\/\/encuentroinformativo.com.mx\/index.php?rest_route=%2Fwp%2Fv2%2Fmedia&parent=69550"}],"wp:term":[{"taxonomy":"category","embeddable":true,"href":"https:\/\/encuentroinformativo.com.mx\/index.php?rest_route=%2Fwp%2Fv2%2Fcategories&post=69550"},{"taxonomy":"post_tag","embeddable":true,"href":"https:\/\/encuentroinformativo.com.mx\/index.php?rest_route=%2Fwp%2Fv2%2Ftags&post=69550"}],"curies":[{"name":"wp","href":"https:\/\/api.w.org\/{rel}","templated":true}]}}