{"id":69558,"date":"2025-07-24T17:29:29","date_gmt":"2025-07-24T23:29:29","guid":{"rendered":"https:\/\/encuentroinformativo.com.mx\/?p=69558"},"modified":"2025-07-24T17:29:29","modified_gmt":"2025-07-24T23:29:29","slug":"tev-valida-eleccion-en-medellin-de-bravo-y-triunfo-de-samuel-acosta","status":"publish","type":"post","link":"https:\/\/encuentroinformativo.com.mx\/?p=69558","title":{"rendered":"TEV valida elecci\u00f3n en Medell\u00edn de Bravo y triunfo de Samuel Acosta"},"content":{"rendered":"<p><strong>Alejandro \u00c1vila<\/strong><\/p>\n<p>Medell\u00edn de Bravo, Ver.- El Tribunal Electoral de Veracruz (TEV) resolvi\u00f3 este jueves validar la elecci\u00f3n de Samuel Acosta como presidente municipal electo de Medell\u00edn de Bravo, desechando por unanimidad la impugnaci\u00f3n presentada por el excandidato de Movimiento Ciudadano, Guillermo Herrada.<\/p>\n<p>Tras analizar el expediente correspondiente, las magistradas y el magistrado integrantes del TEV determinaron que los argumentos de la parte actora no contaban con elementos suficientes para acreditar irregularidades en el proceso electoral del pasado 2 de junio. Con ello, confirmaron la legalidad del triunfo obtenido en las urnas por el candidato de la coalici\u00f3n encabezada por Morena.<\/p>\n<p>La resoluci\u00f3n fue emitida y firmada por unanimidad por las magistradas Claudia D\u00edaz Tablada, presidenta del Tribunal y encargada de la ponencia; Tania Celina V\u00e1squez Mu\u00f1oz, y el magistrado Gilberto Salazar Ceballos. El acta correspondiente fue certificada por el Secretario General de Acuerdos en Funciones, Rodrigo Delgadillo Crivelli, quien dio fe del dictamen final.<\/p>\n<p>Con esta determinaci\u00f3n, se ratifica la voluntad popular expresada en las urnas por la ciudadan\u00eda de Medell\u00edn de Bravo, que otorg\u00f3 el respaldo mayoritario a Samuel Acosta como nuevo alcalde para el periodo 2026\u20132029.<\/p>\n<p>Samuel Acosta expres\u00f3 su respeto por las instituciones electorales y celebr\u00f3 el fallo como una muestra de que la democracia en Veracruz se fortalece:<\/p>\n<p>\u201cDesde el primer d\u00eda manifestamos confianza plena en los \u00f3rganos jurisdiccionales. Hoy se ratifica lo que el pueblo decidi\u00f3 en las urnas. Vamos a trabajar por Medell\u00edn con responsabilidad, inclusi\u00f3n y resultados\u201d.<\/p>\n<p>Asimismo, reiter\u00f3 su llamado a la unidad, subrayando que \u201ces momento de cerrar ciclos y comenzar a construir juntos el futuro que Medell\u00edn merece\u201d.<\/p>\n","protected":false},"excerpt":{"rendered":"<p>Alejandro \u00c1vila Medell\u00edn de Bravo, Ver.- El Tribunal Electoral de Veracruz (TEV) resolvi\u00f3 este jueves validar la elecci\u00f3n de Samuel Acosta como presidente municipal electo de Medell\u00edn de Bravo, desechando por unanimidad la impugnaci\u00f3n presentada por el excandidato de Movimiento Ciudadano, Guillermo Herrada. Tras analizar el expediente correspondiente, las magistradas y el magistrado integrantes del [&hellip;]<\/p>\n","protected":false},"author":2476,"featured_media":69559,"comment_status":"open","ping_status":"open","sticky":false,"template":"","format":"standard","meta":{"_jetpack_memberships_contains_paid_content":false,"footnotes":""},"categories":[2],"tags":[],"class_list":["post-69558","post","type-post","status-publish","format-standard","has-post-thumbnail","hentry","category-estado"],"jetpack_featured_media_url":"https:\/\/encuentroinformativo.com.mx\/wp-content\/uploads\/2025\/07\/IMG-20250724-WA0403.jpg","jetpack_sharing_enabled":true,"jetpack_likes_enabled":true,"amp_enabled":true,"_links":{"self":[{"href":"https:\/\/encuentroinformativo.com.mx\/index.php?rest_route=\/wp\/v2\/posts\/69558","targetHints":{"allow":["GET"]}}],"collection":[{"href":"https:\/\/encuentroinformativo.com.mx\/index.php?rest_route=\/wp\/v2\/posts"}],"about":[{"href":"https:\/\/encuentroinformativo.com.mx\/index.php?rest_route=\/wp\/v2\/types\/post"}],"author":[{"embeddable":true,"href":"https:\/\/encuentroinformativo.com.mx\/index.php?rest_route=\/wp\/v2\/users\/2476"}],"replies":[{"embeddable":true,"href":"https:\/\/encuentroinformativo.com.mx\/index.php?rest_route=%2Fwp%2Fv2%2Fcomments&post=69558"}],"version-history":[{"count":1,"href":"https:\/\/encuentroinformativo.com.mx\/index.php?rest_route=\/wp\/v2\/posts\/69558\/revisions"}],"predecessor-version":[{"id":69560,"href":"https:\/\/encuentroinformativo.com.mx\/index.php?rest_route=\/wp\/v2\/posts\/69558\/revisions\/69560"}],"wp:featuredmedia":[{"embeddable":true,"href":"https:\/\/encuentroinformativo.com.mx\/index.php?rest_route=\/wp\/v2\/media\/69559"}],"wp:attachment":[{"href":"https:\/\/encuentroinformativo.com.mx\/index.php?rest_route=%2Fwp%2Fv2%2Fmedia&parent=69558"}],"wp:term":[{"taxonomy":"category","embeddable":true,"href":"https:\/\/encuentroinformativo.com.mx\/index.php?rest_route=%2Fwp%2Fv2%2Fcategories&post=69558"},{"taxonomy":"post_tag","embeddable":true,"href":"https:\/\/encuentroinformativo.com.mx\/index.php?rest_route=%2Fwp%2Fv2%2Ftags&post=69558"}],"curies":[{"name":"wp","href":"https:\/\/api.w.org\/{rel}","templated":true}]}}