{"id":69566,"date":"2025-07-25T11:02:58","date_gmt":"2025-07-25T17:02:58","guid":{"rendered":"https:\/\/encuentroinformativo.com.mx\/?p=69566"},"modified":"2025-07-25T11:02:58","modified_gmt":"2025-07-25T17:02:58","slug":"acamparon-los-belifans-en-boca-del-rio-ya-estan-en-primera-fila","status":"publish","type":"post","link":"https:\/\/encuentroinformativo.com.mx\/?p=69566","title":{"rendered":"Acamparon los &#8220;Belifans&#8221; en Boca del R\u00edo, ya est\u00e1n en primera fila"},"content":{"rendered":"<p><strong>Alejandro \u00c1vila<\/strong><\/p>\n<p>Boca del R\u00edo, Ver.- El Club de Fans oficial de Belinda en Veracruz acamp\u00f3 la noche de este jueves en los bajos del Palacio Municipal, para estar en primera fila durante su concierto que se realizar\u00e1 este viernes por la noche dentro de los festejos de las fiestas de Santa Ana.<\/p>\n<p>Todav\u00eda ni terminaba la Coronaci\u00f3n de la Doncella del Mar que tuvo como grupo invitado a La Adictiva, y decenas de j\u00f3venes ya estaban colocando sus casas de campa\u00f1a para pernoctar y ser los primeros en colocarse debajo del escenario.<\/p>\n<p>&#8220;Llegu\u00e9 a las 12 de la noche para ser una de las primeras y estar hasta el frente, y aqu\u00ed me reun\u00ed con mis amigos que son del club oficial de Veracruz y estamos muy muy emocionados porque ya tiene m\u00e1s de 10 a\u00f1os que Belinda no se presenta aqu\u00ed en Veracruz, y aparte que va a cantar sus nuevas canciones de Ind\u00f3mita y puede ser que posiblemente nos d\u00e9 un sorpresa y alguna de la serie de Mentiras, y como siempre estaremos aqu\u00ed apoyando a nuestra reina Belinda&#8221;, dijo Ari Ruiz.<\/p>\n<p>La fresca noche y la lluvia no fue impedimento para que los Belifans pasaran la noche en los bajos del Palacio Municipal de Boca del R\u00edo, y en punto de las 7 de la ma\u00f1ana se colocar\u00e1n debajo del escenario; la comitiva est\u00e1 conformada por j\u00f3venes de Veracruz, Xalapa, Mart\u00ednez de la Torre y Minatitl\u00e1n.<\/p>\n","protected":false},"excerpt":{"rendered":"<p>Alejandro \u00c1vila Boca del R\u00edo, Ver.- El Club de Fans oficial de Belinda en Veracruz acamp\u00f3 la noche de este jueves en los bajos del Palacio Municipal, para estar en primera fila durante su concierto que se realizar\u00e1 este viernes por la noche dentro de los festejos de las fiestas de Santa Ana. Todav\u00eda ni [&hellip;]<\/p>\n","protected":false},"author":2476,"featured_media":69567,"comment_status":"open","ping_status":"open","sticky":false,"template":"","format":"standard","meta":{"_jetpack_memberships_contains_paid_content":false,"footnotes":""},"categories":[2],"tags":[],"class_list":["post-69566","post","type-post","status-publish","format-standard","has-post-thumbnail","hentry","category-estado"],"jetpack_featured_media_url":"https:\/\/encuentroinformativo.com.mx\/wp-content\/uploads\/2025\/07\/IMG-20250725-WA0054.jpg","jetpack_sharing_enabled":true,"jetpack_likes_enabled":true,"amp_enabled":true,"_links":{"self":[{"href":"https:\/\/encuentroinformativo.com.mx\/index.php?rest_route=\/wp\/v2\/posts\/69566","targetHints":{"allow":["GET"]}}],"collection":[{"href":"https:\/\/encuentroinformativo.com.mx\/index.php?rest_route=\/wp\/v2\/posts"}],"about":[{"href":"https:\/\/encuentroinformativo.com.mx\/index.php?rest_route=\/wp\/v2\/types\/post"}],"author":[{"embeddable":true,"href":"https:\/\/encuentroinformativo.com.mx\/index.php?rest_route=\/wp\/v2\/users\/2476"}],"replies":[{"embeddable":true,"href":"https:\/\/encuentroinformativo.com.mx\/index.php?rest_route=%2Fwp%2Fv2%2Fcomments&post=69566"}],"version-history":[{"count":1,"href":"https:\/\/encuentroinformativo.com.mx\/index.php?rest_route=\/wp\/v2\/posts\/69566\/revisions"}],"predecessor-version":[{"id":69568,"href":"https:\/\/encuentroinformativo.com.mx\/index.php?rest_route=\/wp\/v2\/posts\/69566\/revisions\/69568"}],"wp:featuredmedia":[{"embeddable":true,"href":"https:\/\/encuentroinformativo.com.mx\/index.php?rest_route=\/wp\/v2\/media\/69567"}],"wp:attachment":[{"href":"https:\/\/encuentroinformativo.com.mx\/index.php?rest_route=%2Fwp%2Fv2%2Fmedia&parent=69566"}],"wp:term":[{"taxonomy":"category","embeddable":true,"href":"https:\/\/encuentroinformativo.com.mx\/index.php?rest_route=%2Fwp%2Fv2%2Fcategories&post=69566"},{"taxonomy":"post_tag","embeddable":true,"href":"https:\/\/encuentroinformativo.com.mx\/index.php?rest_route=%2Fwp%2Fv2%2Ftags&post=69566"}],"curies":[{"name":"wp","href":"https:\/\/api.w.org\/{rel}","templated":true}]}}