{"id":69594,"date":"2025-07-27T19:43:57","date_gmt":"2025-07-28T01:43:57","guid":{"rendered":"https:\/\/encuentroinformativo.com.mx\/?p=69594"},"modified":"2025-07-27T19:43:57","modified_gmt":"2025-07-28T01:43:57","slug":"promueven-conciencia-en-el-dia-del-perro-callejero","status":"publish","type":"post","link":"https:\/\/encuentroinformativo.com.mx\/?p=69594","title":{"rendered":"Promueven conciencia en el D\u00eda del Perro Callejero"},"content":{"rendered":"<p><strong>Dar\u00edo Pale<\/strong><\/p>\n<p>Xalapa, Ver.- Rosa Laura V\u00e1zquez Garc\u00eda vicepresidenta de la fundaci\u00f3n \u201cConectando con el Coraz\u00f3n\u201d dio a conocer que hoy realizaron una marcha para hacer conciencia, en las personas para que no saque a los animales a la calle y que no los maltraten para que no haya animales callejeros.<\/p>\n<p>En entrevista coment\u00f3 que, \u201cen este d\u00eda 27 es el d\u00eda del Perro Callejero, como es el D\u00eda del Perro Callejero, estamos haciendo una conciencia social, no habr\u00eda perro callejero si la sociedad tom\u00e1ramos una responsabilidad de no sacar a los animales a la calle, de no hacer el maltrato, de obviamente esterilizar y hacer much\u00edsimas cosas a favor de evitar esos problemas\u201d.<\/p>\n<p>\u201cEl d\u00eda de hoy alzamos la voz para que la sociedad se sume, se sume a esta marcha, a esta voz de esos animalitos de los cuales, pues bueno, hay que hacer una conciencia social de que la problem\u00e1tica no son ellos sino somos nosotros como sociedad\u201d, se\u00f1al\u00f3.<\/p>\n<p>\u201cBueno, nosotros lo que hacemos es difundir informaci\u00f3n, hemos creado eventos para apoyar a diferentes albergues, a diferentes personas, animalistas, rescatistas, que realmente hacen el trabajo de campo, y nosotros lo que hacemos es precisamente apoyar con eventos para juntar recursos, inclusive difundir lo que es la informaci\u00f3n acerca del bienestar animal, las leyes y los reglamentos, tanto en el pa\u00eds como en el Estado, est\u00e1n con much\u00edsimas lagunas\u201d, agreg\u00f3.<\/p>\n<p>Coment\u00f3 que el desconocimiento que existe por parte de la ciudadan\u00eda para poder realizar denuncias, para poder realizar querellas, para poder hacer las quejas correspondientes a las autoridades correspondientes, y sobre todo que se conozca la normativa y se conozca todos esos caminos que se deben hacer.<\/p>\n<p>Dijo tambi\u00e9n que muchas veces como ciudadanos decimos, la autoridad no hace nada al respecto, pero no est\u00e1n yendo con la autoridad correcta, no est\u00e1n acudiendo con el procedimiento y la autoridad competente.<\/p>\n<p>En ese sentido, \u201cnosotros como fundaci\u00f3n tenemos como responsabilidad el hacer llegar toda la informaci\u00f3n, la informaci\u00f3n necesaria, el hacer eventos, el hacer muchas situaciones y sobre todo dar a conocer toda esta informaci\u00f3n, tanto de la normativa como de todo lo que podr\u00eda proceder, dar a conocer a esas rescatistas, a esas animalistas que realmente s\u00ed hacen su trabajo, que realmente se comprometen con los animales\u201d.<\/p>\n<p>Finalmente se\u00f1al\u00f3 que \u201ctuvimos la participaci\u00f3n del jefe del Departamento de Salud Animal del municipio y por ah\u00ed tambi\u00e9n tuvimos la presencia y tuvimos el gusto de escuchar al presidente de la Asociaci\u00f3n de M\u00e9dicos Veterinarios de Xalapa, en ese sentido, adem\u00e1s hemos tenido charlas con el Colegio de M\u00e9dicos Veterinarios del Estado, con la Direcci\u00f3n de Salud Municipal y con muchas otras autoridades que nos han hecho el favor de orientarnos, de explicarnos, de, pues ahora s\u00ed, ayudarnos a difundir una correcta informaci\u00f3n\u201d.<\/p>\n<p><img loading=\"lazy\" decoding=\"async\" class=\"aligncenter size-medium wp-image-69596\" src=\"https:\/\/encuentroinformativo.com.mx\/wp-content\/uploads\/2025\/07\/IMG-20250727-WA0189-300x169.jpg\" alt=\"\" width=\"300\" height=\"169\" srcset=\"https:\/\/encuentroinformativo.com.mx\/wp-content\/uploads\/2025\/07\/IMG-20250727-WA0189-300x169.jpg 300w, https:\/\/encuentroinformativo.com.mx\/wp-content\/uploads\/2025\/07\/IMG-20250727-WA0189-1024x576.jpg 1024w, https:\/\/encuentroinformativo.com.mx\/wp-content\/uploads\/2025\/07\/IMG-20250727-WA0189-768x432.jpg 768w, https:\/\/encuentroinformativo.com.mx\/wp-content\/uploads\/2025\/07\/IMG-20250727-WA0189-1536x864.jpg 1536w, https:\/\/encuentroinformativo.com.mx\/wp-content\/uploads\/2025\/07\/IMG-20250727-WA0189.jpg 1599w\" sizes=\"auto, (max-width: 300px) 100vw, 300px\" \/><\/p>\n","protected":false},"excerpt":{"rendered":"<p>Dar\u00edo Pale Xalapa, Ver.- Rosa Laura V\u00e1zquez Garc\u00eda vicepresidenta de la fundaci\u00f3n \u201cConectando con el Coraz\u00f3n\u201d dio a conocer que hoy realizaron una marcha para hacer conciencia, en las personas para que no saque a los animales a la calle y que no los maltraten para que no haya animales callejeros. En entrevista coment\u00f3 que, [&hellip;]<\/p>\n","protected":false},"author":2476,"featured_media":69595,"comment_status":"open","ping_status":"open","sticky":false,"template":"","format":"standard","meta":{"_jetpack_memberships_contains_paid_content":false,"footnotes":""},"categories":[3],"tags":[],"class_list":["post-69594","post","type-post","status-publish","format-standard","has-post-thumbnail","hentry","category-xalapa"],"jetpack_featured_media_url":"https:\/\/encuentroinformativo.com.mx\/wp-content\/uploads\/2025\/07\/IMG-20250727-WA0190.jpg","jetpack_sharing_enabled":true,"jetpack_likes_enabled":true,"amp_enabled":true,"_links":{"self":[{"href":"https:\/\/encuentroinformativo.com.mx\/index.php?rest_route=\/wp\/v2\/posts\/69594","targetHints":{"allow":["GET"]}}],"collection":[{"href":"https:\/\/encuentroinformativo.com.mx\/index.php?rest_route=\/wp\/v2\/posts"}],"about":[{"href":"https:\/\/encuentroinformativo.com.mx\/index.php?rest_route=\/wp\/v2\/types\/post"}],"author":[{"embeddable":true,"href":"https:\/\/encuentroinformativo.com.mx\/index.php?rest_route=\/wp\/v2\/users\/2476"}],"replies":[{"embeddable":true,"href":"https:\/\/encuentroinformativo.com.mx\/index.php?rest_route=%2Fwp%2Fv2%2Fcomments&post=69594"}],"version-history":[{"count":1,"href":"https:\/\/encuentroinformativo.com.mx\/index.php?rest_route=\/wp\/v2\/posts\/69594\/revisions"}],"predecessor-version":[{"id":69597,"href":"https:\/\/encuentroinformativo.com.mx\/index.php?rest_route=\/wp\/v2\/posts\/69594\/revisions\/69597"}],"wp:featuredmedia":[{"embeddable":true,"href":"https:\/\/encuentroinformativo.com.mx\/index.php?rest_route=\/wp\/v2\/media\/69595"}],"wp:attachment":[{"href":"https:\/\/encuentroinformativo.com.mx\/index.php?rest_route=%2Fwp%2Fv2%2Fmedia&parent=69594"}],"wp:term":[{"taxonomy":"category","embeddable":true,"href":"https:\/\/encuentroinformativo.com.mx\/index.php?rest_route=%2Fwp%2Fv2%2Fcategories&post=69594"},{"taxonomy":"post_tag","embeddable":true,"href":"https:\/\/encuentroinformativo.com.mx\/index.php?rest_route=%2Fwp%2Fv2%2Ftags&post=69594"}],"curies":[{"name":"wp","href":"https:\/\/api.w.org\/{rel}","templated":true}]}}