{"id":69600,"date":"2025-07-28T10:12:55","date_gmt":"2025-07-28T16:12:55","guid":{"rendered":"https:\/\/encuentroinformativo.com.mx\/?p=69600"},"modified":"2025-07-28T10:12:55","modified_gmt":"2025-07-28T16:12:55","slug":"con-marcha-taxistas-rechazan-nuevas-tarifas-establecidas","status":"publish","type":"post","link":"https:\/\/encuentroinformativo.com.mx\/?p=69600","title":{"rendered":"Con marcha, taxistas rechazan nuevas tarifas establecidas"},"content":{"rendered":"<p><strong>Dar\u00edo Pale<\/strong><\/p>\n<p>Xalapa, Ver.- Taxistas de Xalapa y de varios municipios marcharon el d\u00eda de hoy para manifestar su inconformidad por las nuevas tarifas que estableci\u00f3 el gobierno del estado y piden a la gobernadora que se analicen los costos de ingreso y gastos y la inversi\u00f3n debe ser correcta o una tarifa que sea m\u00e1s acorde a la necesidad.<\/p>\n<p>Pedro Fern\u00e1ndez Fern\u00e1ndez Presidente de la Alianza de Transportistas y Anexos de Veracruz e integrante de la Comisi\u00f3n Estatal de taxistas se\u00f1al\u00f3 que, \u201cpues definitivamente es una situaci\u00f3n que, como se dan cuenta, nos afecta a todos, a todo el Estado, a todo el gremio, la inconformidad no es definitivamente, pues ahora s\u00ed, de manera personal un confrontamiento\u201d.<\/p>\n<p>Dio a conocer que la marcha es una manera de externar precisamente la situaci\u00f3n que vive el gremio, lo \u00fanico que quiere solicitar es que se corrijan tal y como dice la gobernadora con la ley, no se hace negocio, no es negociable, sin embargo, su punto de diferencia es precisamente lo que dice el art\u00edculo 142, que los costos de ingreso y gastos y la inversi\u00f3n debe ser correcta o una tarifa que sea m\u00e1s acorde a la necesidad.<\/p>\n<p>\u201cTenemos por ah\u00ed un estudio t\u00e9cnico que habla precisamente de la canasta b\u00e1sica, de insumos, la gasolina, por ejemplo, que es el punto m\u00e1s importante de todo transportista en general, pues del 2002 a la fecha tiene m\u00e1s de un 350 por ciento para tener una referencia, y as\u00ed podemos mencionar una por una de las cosas que se viven\u201d, se\u00f1al\u00f3.<\/p>\n<p>\u201cEl resultado de lo que te estaba comentando precisamente se da en que el estudio t\u00e9cnico tiene el 203 por ciento de incremento, \u00bfQu\u00e9 quiere decir? Bueno, perd\u00f3n, y este punto lo queremos resaltar. \u00bfPor qu\u00e9? Porque se est\u00e1 hablando, por ejemplo, ahorita de siete municipios que ya se hizo un ajuste, sin embargo, no es correcto a la realidad, \u00bfqu\u00e9 estamos pidiendo? Que este porcentaje se aplique en todas las regiones del estado. Hay regiones tipo A, tipo B, tipo C. Pues que el porcentaje as\u00ed se multiplique\u201d, agreg\u00f3.<\/p>\n<p>Detall\u00f3 que los precios de la gasolina, la canasta b\u00e1sica, as\u00ed como insumos, impiden cobrar las tarifas que fueron aprobadas.<\/p>\n<p>&#8220;Hab\u00edamos tenido una pl\u00e1tica en Gobierno, estando el secretario de Seguridad P\u00fablica y le hicimos el planteamiento, que quedar\u00e1 en 42 pesos, porque el usuario ya pagaba esta cantidad y si se dan cuenta&#8221;, indic\u00f3.<\/p>\n<p>Por ello, manifest\u00f3 que la petici\u00f3n es que tambi\u00e9n se considere el art\u00edculo 142 de la ley 589.<\/p>\n<p>&#8220;Esto nos preocupa ante la posible regulaci\u00f3n y entrada de las plataformas digitales. Para nosotros es una lucha desleal, porque la propia ley 589 nos sanciona cuando alguien de nosotros en las modalidades o submodalidades de transporte p\u00fablico hay afectaci\u00f3n&#8221;, manifest\u00f3.<\/p>\n<p>Incluso, puso como ejemplo que a muchos trabajadores del volante les lleva a\u00f1os obtener una concesi\u00f3n y en otros casos se mueren y nunca la obtienen.<\/p>\n<p>&#8220;En las plataformas digitales lo que nos preocupa es que no hay tope, pueden entrar mil, dos mil, cinco mil, veinte mil. Pasa cualquier carro, se para pensamos que es un familiar, amigo y no<br \/>\nsabemos&#8221;, expuso.<\/p>\n<p>Por su parte Claudia Elizabeth Hern\u00e1ndez Siles, presidenta del Comit\u00e9 Directivo Estatal del Movimiento Nacional Transportista aqu\u00ed en el estado de Veracruz, se\u00f1al\u00f3 que, el d\u00eda de hoy est\u00e1n presentes distintas organizaciones y agrupaciones, tanto estatales como locales, \u201cen el sentir directamente de las tarifas efectivamente mal planteadas\u201d.<\/p>\n<p>\u201c\u00bfPor qu\u00e9? Porque careci\u00f3 principalmente de la presencia de nosotros como sector, donde tendr\u00edamos que haber hecho un an\u00e1lisis en base al estudio t\u00e9cnico que ellos ten\u00edan que haber implementado en estos siete municipios que dieron a conocer, para que nosotros pudi\u00e9ramos tambi\u00e9n darles a saber la situaci\u00f3n que prevalece en nuestro sector\u201d, acus\u00f3.<\/p>\n<p>Saben que hay la voluntad de actualizar las tarifas, pero tienen que hacer una actualizaci\u00f3n en conjunto y congruente con la situaci\u00f3n econ\u00f3mica del pa\u00eds, no pueden vulnerar la situaci\u00f3n econ\u00f3mica de los trabajadores del volante.<\/p>\n<p>Lamentablemente no hay una paridad con el tema econ\u00f3mico, \u201c\u00bfQu\u00e9 le pedimos nosotros a la se\u00f1ora gobernadora el d\u00eda de hoy?, que realmente realicen las mesas de trabajo con las diferentes organizaciones que ya tienen ellos conocimiento, quien tiene representatividad en el Estado, para poder coadyuvar y sacar un tarifario que principalmente sea la seguridad del usuario y a su vez un beneficio\u201d.<\/p>\n<p>\u201cLamentablemente la declaraci\u00f3n que da la gobernadora, mucha gente lo generaliz\u00f3, no todos los municipios tienen ni el crecimiento urbano y no tienen tambi\u00e9n la misma poblaci\u00f3n, entonces se tienen que hacer todos esos factores en conjunto para sacar una tarifa id\u00f3nea donde haya la paz social, porque de eso se trata\u201d, dijo en entrevista.<\/p>\n<p>Dijo que est\u00e1n solicitando un di\u00e1logo, pero que sea con respeto y principalmente que no nada m\u00e1s sean de sentarse, ir a hablar y que los escuchen, quieren que realmente coadyuven a la toma de decisiones, es lo que nosotros estamos pidiendo.<\/p>\n<p>Por otra parte Mar\u00eda Guadalupe Rivas Jim\u00e9nez, dirigente de Ortaux se\u00f1al\u00f3 que, no puede haber una m\u00ednima, porque realmente lo comentaron ya los compa\u00f1eros, no hay un estudio, Xalapa es muy peque\u00f1o, tenemos unas vialidades en las cuales no se puede ni transitar, entonces es que tomar muchos, muchos factores para poder decir esta ser\u00eda la m\u00ednima\u201d.<\/p>\n<p>\u201cNo nos damos a la tarea los l\u00edderes que conformamos todo esto, a decir sabes que la m\u00ednima va a ser tal, porque si se distorsion\u00f3 lo que la gobernadora en un momento dijo y se cre\u00f3 un caos social, porque por eso estamos hoy aqu\u00ed, porque todo este comentario se gener\u00f3 e hizo un caos social entre el usuario y los taxistas\u201d, inform\u00f3.<\/p>\n<p>A muchos taxistas los agredieron ya que les aventaban el dinero y les dec\u00edan, ah\u00ed est\u00e1 lo que dijo la gobernadora, por lo que reiter\u00f3 que por favor se abra la mesa de trabajo, que platiquen y que lleguen a unos buenos acuerdos.<\/p>\n<p>Finalmente comento, \u201cque estudiemos, que analicemos el tema, como lo dijo la compa\u00f1era, los l\u00edderes que representamos, aqu\u00ed somos muchos, somos 59 l\u00edderes los que el d\u00eda de hoy pronunciamos en esto\u201d.<\/p>\n<p><img loading=\"lazy\" decoding=\"async\" class=\"aligncenter size-medium wp-image-69602\" src=\"https:\/\/encuentroinformativo.com.mx\/wp-content\/uploads\/2025\/07\/IMG-20250728-WA0253-300x200.jpg\" alt=\"\" width=\"300\" height=\"200\" srcset=\"https:\/\/encuentroinformativo.com.mx\/wp-content\/uploads\/2025\/07\/IMG-20250728-WA0253-300x200.jpg 300w, https:\/\/encuentroinformativo.com.mx\/wp-content\/uploads\/2025\/07\/IMG-20250728-WA0253-1024x683.jpg 1024w, https:\/\/encuentroinformativo.com.mx\/wp-content\/uploads\/2025\/07\/IMG-20250728-WA0253-768x512.jpg 768w, https:\/\/encuentroinformativo.com.mx\/wp-content\/uploads\/2025\/07\/IMG-20250728-WA0253-1536x1024.jpg 1536w, https:\/\/encuentroinformativo.com.mx\/wp-content\/uploads\/2025\/07\/IMG-20250728-WA0253-2048x1365.jpg 2048w\" sizes=\"auto, (max-width: 300px) 100vw, 300px\" \/><\/p>\n","protected":false},"excerpt":{"rendered":"<p>Dar\u00edo Pale Xalapa, Ver.- Taxistas de Xalapa y de varios municipios marcharon el d\u00eda de hoy para manifestar su inconformidad por las nuevas tarifas que estableci\u00f3 el gobierno del estado y piden a la gobernadora que se analicen los costos de ingreso y gastos y la inversi\u00f3n debe ser correcta o una tarifa que sea [&hellip;]<\/p>\n","protected":false},"author":2476,"featured_media":69601,"comment_status":"open","ping_status":"open","sticky":false,"template":"","format":"standard","meta":{"_jetpack_memberships_contains_paid_content":false,"footnotes":""},"categories":[3],"tags":[],"class_list":["post-69600","post","type-post","status-publish","format-standard","has-post-thumbnail","hentry","category-xalapa"],"jetpack_featured_media_url":"https:\/\/encuentroinformativo.com.mx\/wp-content\/uploads\/2025\/07\/IMG-20250728-WA0260.jpg","jetpack_sharing_enabled":true,"jetpack_likes_enabled":true,"amp_enabled":true,"_links":{"self":[{"href":"https:\/\/encuentroinformativo.com.mx\/index.php?rest_route=\/wp\/v2\/posts\/69600","targetHints":{"allow":["GET"]}}],"collection":[{"href":"https:\/\/encuentroinformativo.com.mx\/index.php?rest_route=\/wp\/v2\/posts"}],"about":[{"href":"https:\/\/encuentroinformativo.com.mx\/index.php?rest_route=\/wp\/v2\/types\/post"}],"author":[{"embeddable":true,"href":"https:\/\/encuentroinformativo.com.mx\/index.php?rest_route=\/wp\/v2\/users\/2476"}],"replies":[{"embeddable":true,"href":"https:\/\/encuentroinformativo.com.mx\/index.php?rest_route=%2Fwp%2Fv2%2Fcomments&post=69600"}],"version-history":[{"count":1,"href":"https:\/\/encuentroinformativo.com.mx\/index.php?rest_route=\/wp\/v2\/posts\/69600\/revisions"}],"predecessor-version":[{"id":69603,"href":"https:\/\/encuentroinformativo.com.mx\/index.php?rest_route=\/wp\/v2\/posts\/69600\/revisions\/69603"}],"wp:featuredmedia":[{"embeddable":true,"href":"https:\/\/encuentroinformativo.com.mx\/index.php?rest_route=\/wp\/v2\/media\/69601"}],"wp:attachment":[{"href":"https:\/\/encuentroinformativo.com.mx\/index.php?rest_route=%2Fwp%2Fv2%2Fmedia&parent=69600"}],"wp:term":[{"taxonomy":"category","embeddable":true,"href":"https:\/\/encuentroinformativo.com.mx\/index.php?rest_route=%2Fwp%2Fv2%2Fcategories&post=69600"},{"taxonomy":"post_tag","embeddable":true,"href":"https:\/\/encuentroinformativo.com.mx\/index.php?rest_route=%2Fwp%2Fv2%2Ftags&post=69600"}],"curies":[{"name":"wp","href":"https:\/\/api.w.org\/{rel}","templated":true}]}}