{"id":69617,"date":"2025-07-28T15:31:16","date_gmt":"2025-07-28T21:31:16","guid":{"rendered":"https:\/\/encuentroinformativo.com.mx\/?p=69617"},"modified":"2025-07-28T15:31:16","modified_gmt":"2025-07-28T21:31:16","slug":"es-de-miserables-usar-el-caso-de-la-maestra-irma-para-atacar-gobernadora","status":"publish","type":"post","link":"https:\/\/encuentroinformativo.com.mx\/?p=69617","title":{"rendered":"Es de miserables usar el caso de la maestra Irma para atacar: Gobernadora"},"content":{"rendered":"<p><strong>Dar\u00edo Pale<\/strong><\/p>\n<p>Xalapa, Ver.- La gobernadora Norma Roc\u00edo Nahle Garc\u00eda, dijo que es de &#8220;ser de miserables&#8221; contra una familia violentada, atacar desde el caso de la maestra de \u00c1lamo, Irma Hern\u00e1ndez, secuestrada por desconocidos y encontrada muerta el pasado 24 de julio.<\/p>\n<p>En conferencia de prensa dijo que, \u201cllevarlo a niveles de esc\u00e1ndalo, pero aqu\u00ed est\u00e1 el doctor que hizo la necropsia, aqu\u00ed est\u00e1 la maestra fue violentada, despu\u00e9s de ser violentada, desgraciadamente, padeci\u00f3 un infarto a muchos no les gusta si hace el esc\u00e1ndalo o no, yo tengo que informar, y yo me asumo como lo que soy, yo soy la gobernadora de Veracruz y la responsable del Estado y voy a dar la cara siempre\u201d.<\/p>\n<p>\u201cY yo les he dicho a la prensa que ustedes son libres, aqu\u00ed yo no voy a decirles a ustedes c\u00f3mo van a hacer su trabajo, no se imponen en eso, si all\u00e1 en M\u00e9xico empez\u00f3 el nado sincronizado, que conocimos, ya los conozco bastante bien, est\u00e1 bien, yo no me voy a detener, un homicidio doloso de viernes a s\u00e1bado, un homicidio doloso de s\u00e1bado a domingo, y un homicidio doloso de domingo a lunes, lo ideal es que fueran cero\u201d, se\u00f1al\u00f3.<\/p>\n<p>Precis\u00f3 que la Fiscal\u00eda general del estado, detuvo a cuatro personas relacionadas con el caso, lament\u00f3 que el caso de la maestra se haya elevado a esc\u00e1ndalo.<\/p>\n<p>Por otra parte el m\u00e9dico legista Eduardo M\u00e1rquez N\u00e1huatl, \u201cactualmente estoy en la zona de Tuxpan, en la zona norte, yo recib\u00ed el cuerpo, como parte del protocolo de necropsia, nuestra funci\u00f3n es hacer un an\u00e1lisis externo y un an\u00e1lisis interno, con los datos que obtuvimos en el an\u00e1lisis externo, pudimos realizar m\u00faltiples lesiones en diferentes partes del cuerpo\u201d.<\/p>\n<p>Finalmente dio a conocer que, \u201cen el an\u00e1lisis interno, pudimos observar que con la apertura de las cavidades, las lesiones y alteraciones se centraban en el coraz\u00f3n, no se encontraba el cr\u00e1neo, nuestra mentora, el abdomen interno, de manera externa, s\u00ed, la persona fue violentada\u201d.<\/p>\n","protected":false},"excerpt":{"rendered":"<p>Dar\u00edo Pale Xalapa, Ver.- La gobernadora Norma Roc\u00edo Nahle Garc\u00eda, dijo que es de &#8220;ser de miserables&#8221; contra una familia violentada, atacar desde el caso de la maestra de \u00c1lamo, Irma Hern\u00e1ndez, secuestrada por desconocidos y encontrada muerta el pasado 24 de julio. En conferencia de prensa dijo que, \u201cllevarlo a niveles de esc\u00e1ndalo, pero [&hellip;]<\/p>\n","protected":false},"author":2476,"featured_media":69618,"comment_status":"open","ping_status":"open","sticky":false,"template":"","format":"standard","meta":{"_jetpack_memberships_contains_paid_content":false,"footnotes":""},"categories":[2],"tags":[],"class_list":["post-69617","post","type-post","status-publish","format-standard","has-post-thumbnail","hentry","category-estado"],"jetpack_featured_media_url":"https:\/\/encuentroinformativo.com.mx\/wp-content\/uploads\/2025\/07\/IMG-20250728-WA0379-scaled.jpg","jetpack_sharing_enabled":true,"jetpack_likes_enabled":true,"amp_enabled":true,"_links":{"self":[{"href":"https:\/\/encuentroinformativo.com.mx\/index.php?rest_route=\/wp\/v2\/posts\/69617","targetHints":{"allow":["GET"]}}],"collection":[{"href":"https:\/\/encuentroinformativo.com.mx\/index.php?rest_route=\/wp\/v2\/posts"}],"about":[{"href":"https:\/\/encuentroinformativo.com.mx\/index.php?rest_route=\/wp\/v2\/types\/post"}],"author":[{"embeddable":true,"href":"https:\/\/encuentroinformativo.com.mx\/index.php?rest_route=\/wp\/v2\/users\/2476"}],"replies":[{"embeddable":true,"href":"https:\/\/encuentroinformativo.com.mx\/index.php?rest_route=%2Fwp%2Fv2%2Fcomments&post=69617"}],"version-history":[{"count":1,"href":"https:\/\/encuentroinformativo.com.mx\/index.php?rest_route=\/wp\/v2\/posts\/69617\/revisions"}],"predecessor-version":[{"id":69619,"href":"https:\/\/encuentroinformativo.com.mx\/index.php?rest_route=\/wp\/v2\/posts\/69617\/revisions\/69619"}],"wp:featuredmedia":[{"embeddable":true,"href":"https:\/\/encuentroinformativo.com.mx\/index.php?rest_route=\/wp\/v2\/media\/69618"}],"wp:attachment":[{"href":"https:\/\/encuentroinformativo.com.mx\/index.php?rest_route=%2Fwp%2Fv2%2Fmedia&parent=69617"}],"wp:term":[{"taxonomy":"category","embeddable":true,"href":"https:\/\/encuentroinformativo.com.mx\/index.php?rest_route=%2Fwp%2Fv2%2Fcategories&post=69617"},{"taxonomy":"post_tag","embeddable":true,"href":"https:\/\/encuentroinformativo.com.mx\/index.php?rest_route=%2Fwp%2Fv2%2Ftags&post=69617"}],"curies":[{"name":"wp","href":"https:\/\/api.w.org\/{rel}","templated":true}]}}