{"id":69621,"date":"2025-07-28T15:43:03","date_gmt":"2025-07-28T21:43:03","guid":{"rendered":"https:\/\/encuentroinformativo.com.mx\/?p=69621"},"modified":"2025-07-28T15:43:03","modified_gmt":"2025-07-28T21:43:03","slug":"joven-de-20-anos-pierde-la-vida-en-accidente-de-moto-en-boca-del-rio","status":"publish","type":"post","link":"https:\/\/encuentroinformativo.com.mx\/?p=69621","title":{"rendered":"Joven de 20 a\u00f1os pierde la vida en accidente de moto en Boca del R\u00edo"},"content":{"rendered":"<p><strong>Alejandro \u00c1vila<\/strong><\/p>\n<p>Boca del R\u00edo, Ver.- Una joven de apenas 20 a\u00f1os de edad perdi\u00f3 la vida la madrugada de este lunes 28 de julio, tras el accidente que sufri\u00f3 la motocicleta en la que viajaba como copiloto.<\/p>\n<p>Los hechos ocurrieron alrededor de las 4:30 de la ma\u00f1ana sobre el bulevar &#8220;Adolfo Ruiz Cortines&#8221;, justo a la altura del distribuidor vial de los Voladores de Papantla, frente a Plaza Am\u00e9ricas en el municipio de Boca del R\u00edo.<\/p>\n<p>La chica fue identificada como Sayuri M. quien viajaba como copiloto de su pareja, a bordo de una motocicleta Pulsar 200 color negro.<\/p>\n<p>Hasta el momento no se ha dado una versi\u00f3n oficial del motivo del accidente, pero se presume alg\u00fan autom\u00f3vil impact\u00f3 a la motocicleta y provoc\u00f3 que perdieran el control hasta estrellarse.<\/p>\n<p>El joven Jos\u00e9 Antonio B. el cual conduc\u00eda la motocicleta, fue atendido por param\u00e9dicos de Protecci\u00f3n Civil y despu\u00e9s trasladado a la Fiscal\u00eda Regional para dar su declaraci\u00f3n de lo sucedido y, posteriormente, deslindar responsabilidades.<\/p>\n","protected":false},"excerpt":{"rendered":"<p>Alejandro \u00c1vila Boca del R\u00edo, Ver.- Una joven de apenas 20 a\u00f1os de edad perdi\u00f3 la vida la madrugada de este lunes 28 de julio, tras el accidente que sufri\u00f3 la motocicleta en la que viajaba como copiloto. Los hechos ocurrieron alrededor de las 4:30 de la ma\u00f1ana sobre el bulevar &#8220;Adolfo Ruiz Cortines&#8221;, justo [&hellip;]<\/p>\n","protected":false},"author":2476,"featured_media":69622,"comment_status":"open","ping_status":"open","sticky":false,"template":"","format":"standard","meta":{"_jetpack_memberships_contains_paid_content":false,"footnotes":""},"categories":[2],"tags":[],"class_list":["post-69621","post","type-post","status-publish","format-standard","has-post-thumbnail","hentry","category-estado"],"jetpack_featured_media_url":"https:\/\/encuentroinformativo.com.mx\/wp-content\/uploads\/2025\/07\/IMG-20250728-WA0499.jpg","jetpack_sharing_enabled":true,"jetpack_likes_enabled":true,"amp_enabled":true,"_links":{"self":[{"href":"https:\/\/encuentroinformativo.com.mx\/index.php?rest_route=\/wp\/v2\/posts\/69621","targetHints":{"allow":["GET"]}}],"collection":[{"href":"https:\/\/encuentroinformativo.com.mx\/index.php?rest_route=\/wp\/v2\/posts"}],"about":[{"href":"https:\/\/encuentroinformativo.com.mx\/index.php?rest_route=\/wp\/v2\/types\/post"}],"author":[{"embeddable":true,"href":"https:\/\/encuentroinformativo.com.mx\/index.php?rest_route=\/wp\/v2\/users\/2476"}],"replies":[{"embeddable":true,"href":"https:\/\/encuentroinformativo.com.mx\/index.php?rest_route=%2Fwp%2Fv2%2Fcomments&post=69621"}],"version-history":[{"count":1,"href":"https:\/\/encuentroinformativo.com.mx\/index.php?rest_route=\/wp\/v2\/posts\/69621\/revisions"}],"predecessor-version":[{"id":69623,"href":"https:\/\/encuentroinformativo.com.mx\/index.php?rest_route=\/wp\/v2\/posts\/69621\/revisions\/69623"}],"wp:featuredmedia":[{"embeddable":true,"href":"https:\/\/encuentroinformativo.com.mx\/index.php?rest_route=\/wp\/v2\/media\/69622"}],"wp:attachment":[{"href":"https:\/\/encuentroinformativo.com.mx\/index.php?rest_route=%2Fwp%2Fv2%2Fmedia&parent=69621"}],"wp:term":[{"taxonomy":"category","embeddable":true,"href":"https:\/\/encuentroinformativo.com.mx\/index.php?rest_route=%2Fwp%2Fv2%2Fcategories&post=69621"},{"taxonomy":"post_tag","embeddable":true,"href":"https:\/\/encuentroinformativo.com.mx\/index.php?rest_route=%2Fwp%2Fv2%2Ftags&post=69621"}],"curies":[{"name":"wp","href":"https:\/\/api.w.org\/{rel}","templated":true}]}}