{"id":69624,"date":"2025-07-28T15:49:02","date_gmt":"2025-07-28T21:49:02","guid":{"rendered":"https:\/\/encuentroinformativo.com.mx\/?p=69624"},"modified":"2025-07-28T15:49:02","modified_gmt":"2025-07-28T21:49:02","slug":"pirata-fuente-estadio-sin-futbol-pero-si-dos-conciertos-en-puerta","status":"publish","type":"post","link":"https:\/\/encuentroinformativo.com.mx\/?p=69624","title":{"rendered":"&#8220;Pirata&#8221; Fuente,\u00a0 estadio sin f\u00fatbol pero s\u00ed dos conciertos en puerta"},"content":{"rendered":"<p><strong>Alejandro \u00c1vila<\/strong><\/p>\n<p>Veracruz, Ver.- La gobernadora, Roc\u00edo Nahe Garc\u00eda, confirm\u00f3 que se reunir\u00e1 esta semana con el empresario Jos\u00e9 Carlos Vives G\u00f3mez, representante legal de CF Veracruzano SA de CV, y a qui\u00e9n se le otorg\u00f3 el a\u00f1o pasado el comodato del estadio Luis &#8220;Pirata&#8221; Fuente.<\/p>\n<p>&#8220;Yo ped\u00ed tener una cita con ellos esta semana, hab\u00edamos quedado de vernos el viernes, el viernes no pude, cancel\u00e9. Entonces, esta semana los estoy citando porque quiero ver exactamente eso, a ver qu\u00e9 van a hacer, ellos tienen la concesi\u00f3n. Con esto de que la Liga Mexicana de F\u00fatbol o no s\u00e9 c\u00f3mo se llame esto, no les dio permiso a nadie, a nadie de los que solicitaron, a ning\u00fan Estado, entonces que sigue, qu\u00e9 es lo que va a hacer la concesi\u00f3n&#8221;, dio a conocer en rueda de prensa.<\/p>\n<p>Cabe recordar que, en el 2024 el Congreso de Veracruz por solicitud del ex gobernador, Cuitl\u00e1huac Garc\u00eda Jim\u00e9nez, le otorg\u00f3 el comodato del estadio de f\u00fatbol Luis &#8220;Pirata&#8221; Fuente al empresario Carlos Vives por 10 a\u00f1os, bajo promesa de tener un equipo, al menos de Liga de Acenso MX para la temporada 2025 &#8211; 2026; sin embargo, el pasado 9 de julio, la Federaci\u00f3n Mexicana de F\u00fatbol (FMF) desech\u00f3 el intento de cambio de sede del equipo Toros de Celaya a Veracruz.<\/p>\n<p>Aunque no se cumpli\u00f3 el compromiso de un equipo de f\u00fatbol que presuntamente se llamar\u00e1 Piratas de Veracruz, el empresario Carlos Vives ya rent\u00f3 el inmueble para dos conciertos; uno confirmado el pr\u00f3ximo 26 de septiembre con la artista colombiana Shakira, y se anunci\u00f3 en redes sociales, en fecha por definir, el regreso de la gira &#8220;Pr\u00f3fugos del Anexo&#8221;, con Juli\u00f3n \u00c1lvarez y Alfredo Olivas, tambi\u00e9n en el Coloso del fraccionamiento Virginia.<\/p>\n","protected":false},"excerpt":{"rendered":"<p>Alejandro \u00c1vila Veracruz, Ver.- La gobernadora, Roc\u00edo Nahe Garc\u00eda, confirm\u00f3 que se reunir\u00e1 esta semana con el empresario Jos\u00e9 Carlos Vives G\u00f3mez, representante legal de CF Veracruzano SA de CV, y a qui\u00e9n se le otorg\u00f3 el a\u00f1o pasado el comodato del estadio Luis &#8220;Pirata&#8221; Fuente. &#8220;Yo ped\u00ed tener una cita con ellos esta semana, [&hellip;]<\/p>\n","protected":false},"author":2476,"featured_media":69625,"comment_status":"open","ping_status":"open","sticky":false,"template":"","format":"standard","meta":{"_jetpack_memberships_contains_paid_content":false,"footnotes":""},"categories":[2],"tags":[],"class_list":["post-69624","post","type-post","status-publish","format-standard","has-post-thumbnail","hentry","category-estado"],"jetpack_featured_media_url":"https:\/\/encuentroinformativo.com.mx\/wp-content\/uploads\/2025\/07\/IMG-20250728-WA03842.jpg","jetpack_sharing_enabled":true,"jetpack_likes_enabled":true,"amp_enabled":true,"_links":{"self":[{"href":"https:\/\/encuentroinformativo.com.mx\/index.php?rest_route=\/wp\/v2\/posts\/69624","targetHints":{"allow":["GET"]}}],"collection":[{"href":"https:\/\/encuentroinformativo.com.mx\/index.php?rest_route=\/wp\/v2\/posts"}],"about":[{"href":"https:\/\/encuentroinformativo.com.mx\/index.php?rest_route=\/wp\/v2\/types\/post"}],"author":[{"embeddable":true,"href":"https:\/\/encuentroinformativo.com.mx\/index.php?rest_route=\/wp\/v2\/users\/2476"}],"replies":[{"embeddable":true,"href":"https:\/\/encuentroinformativo.com.mx\/index.php?rest_route=%2Fwp%2Fv2%2Fcomments&post=69624"}],"version-history":[{"count":1,"href":"https:\/\/encuentroinformativo.com.mx\/index.php?rest_route=\/wp\/v2\/posts\/69624\/revisions"}],"predecessor-version":[{"id":69626,"href":"https:\/\/encuentroinformativo.com.mx\/index.php?rest_route=\/wp\/v2\/posts\/69624\/revisions\/69626"}],"wp:featuredmedia":[{"embeddable":true,"href":"https:\/\/encuentroinformativo.com.mx\/index.php?rest_route=\/wp\/v2\/media\/69625"}],"wp:attachment":[{"href":"https:\/\/encuentroinformativo.com.mx\/index.php?rest_route=%2Fwp%2Fv2%2Fmedia&parent=69624"}],"wp:term":[{"taxonomy":"category","embeddable":true,"href":"https:\/\/encuentroinformativo.com.mx\/index.php?rest_route=%2Fwp%2Fv2%2Fcategories&post=69624"},{"taxonomy":"post_tag","embeddable":true,"href":"https:\/\/encuentroinformativo.com.mx\/index.php?rest_route=%2Fwp%2Fv2%2Ftags&post=69624"}],"curies":[{"name":"wp","href":"https:\/\/api.w.org\/{rel}","templated":true}]}}