{"id":69630,"date":"2025-07-28T16:36:40","date_gmt":"2025-07-28T22:36:40","guid":{"rendered":"https:\/\/encuentroinformativo.com.mx\/?p=69630"},"modified":"2025-07-28T16:36:40","modified_gmt":"2025-07-28T22:36:40","slug":"se-mantiene-dialogo-con-el-gremio-taxista-nahle","status":"publish","type":"post","link":"https:\/\/encuentroinformativo.com.mx\/?p=69630","title":{"rendered":"Se mantiene di\u00e1logo con el gremio taxista: Nahle"},"content":{"rendered":"<p><strong>Dar\u00edo Pale<\/strong><\/p>\n<p>Xalapa, Ver.- La gobernadora Norma Roc\u00edo Nahle Garc\u00eda reiter\u00f3 el di\u00e1logo abierto y permanente con el gremio taxista a trav\u00e9s de la Secretar\u00eda de Gobierno, que encabeza mesas de revisi\u00f3n con representantes del gremio.<\/p>\n<p>En conferencia de prensa se\u00f1al\u00f3, \u201cmiren, ahorita est\u00e1 el secretario Ricardo Ahued est\u00e1 con un grupo que ellos nombraron, un grupo de taxistas, se est\u00e1 en una mesa, se est\u00e1 revisando. Se est\u00e1 revisando, yo tengo un documento de un comparativo de ellos donde ellos hicieron su an\u00e1lisis de revisi\u00f3n cu\u00e1nto es el aumento y ellos sacaron conceptos y en pues hay aumentos del 250 por ciento de acuerdo a su concepto\u201d.<\/p>\n<p>\u201cNosotros tomamos en cuenta la base de la inflaci\u00f3n en cuando t\u00fa haces la inflaci\u00f3n el \u00edndice inflacionario, pues ah\u00ed va la canasta b\u00e1sica, va salario, va muchas cosas, ese es el \u00edndice de inflaci\u00f3n\u201d, se\u00f1al\u00f3.<\/p>\n<p>Puntualiz\u00f3 que no se trata de una negociaci\u00f3n, sino de un an\u00e1lisis responsable sustentado y en el marco legal.<\/p>\n<p>\u201cAs\u00ed actuamos, es en la ley, se los dije y est\u00e1n en la mesa en la en la no en la negociaci\u00f3n, en la revisi\u00f3n con Ricardo Ahued este, \u00e9l incluso no estuvo hoy en la mesa de seguridad, yo estaba atendiendo la mesa de seguridad y \u00e9l est\u00e1 con los taxistas todav\u00eda est\u00e1n aqu\u00ed\u201d, coment\u00f3.<\/p>\n<p>Al referirse a la problem\u00e1tica entre choferes y concesionarios, quienes en algunos casos contin\u00faan demandando cuotas elevadas sin corresponder al nuevo esquema tarifario, adelant\u00f3 que revisar\u00e1n los casos.<\/p>\n<p>En cuanto a la extorsi\u00f3n coment\u00f3 que, \u201cen todo el pa\u00eds el \u00edndice de extorsi\u00f3n se vio incrementado raz\u00f3n por la cual nuestra presidenta que me parece excelente se hace la modificaci\u00f3n de ley para aumentar la pena en extorsi\u00f3n en todos sentidos, extorsi\u00f3n es extorsi\u00f3n\u201d.<\/p>\n<p>\u201cNosotros lo aplaudimos aqu\u00ed en Veracruz, por supuesto, porque hay que ir por ese delito y por todos, por todos, as\u00ed est\u00e1 en todo el pa\u00eds, pero se est\u00e1n tomando medidas\u201d.<\/p>\n<p>Record\u00f3 que, mientras en otras entidades se utilizan tax\u00edmetros o esquemas de cobro por ruta compartida, en Veracruz el sistema no cuenta con esas herramientas, por lo que el ordenamiento tarifario responde a una necesidad legal, econ\u00f3mica y social.<\/p>\n<p>Dijo que \u201cen la Ciudad de M\u00e9xico, por ejemplo, se utiliza el tax\u00edmetro, que ser\u00eda ideal. Es el tax\u00edmetro y se sube una persona y arranca con 15 pesos o no s\u00e9 y ya por tiempo y por distancia va avanzando el tax\u00edmetro, aqu\u00ed en Veracruz no hay tax\u00edmetros\u201d.<\/p>\n<p>Finalmente se\u00f1alo que en otras partes hay colectivos de que en un taxi lo hacen como un rutero, como es en Tampico y en Tamaulipas que son ruteros y que se pueden subir en un carro como si fuera un pasaje de urbano ir subiendo y se les cobra una cuota, \u201caqu\u00ed en Veracruz no\u201d.<\/p>\n","protected":false},"excerpt":{"rendered":"<p>Dar\u00edo Pale Xalapa, Ver.- La gobernadora Norma Roc\u00edo Nahle Garc\u00eda reiter\u00f3 el di\u00e1logo abierto y permanente con el gremio taxista a trav\u00e9s de la Secretar\u00eda de Gobierno, que encabeza mesas de revisi\u00f3n con representantes del gremio. En conferencia de prensa se\u00f1al\u00f3, \u201cmiren, ahorita est\u00e1 el secretario Ricardo Ahued est\u00e1 con un grupo que ellos nombraron, [&hellip;]<\/p>\n","protected":false},"author":2476,"featured_media":69631,"comment_status":"open","ping_status":"open","sticky":false,"template":"","format":"standard","meta":{"_jetpack_memberships_contains_paid_content":false,"footnotes":""},"categories":[3],"tags":[],"class_list":["post-69630","post","type-post","status-publish","format-standard","has-post-thumbnail","hentry","category-xalapa"],"jetpack_featured_media_url":"https:\/\/encuentroinformativo.com.mx\/wp-content\/uploads\/2025\/07\/IMG_20250728_155747_1300_x_1080_pixel2.jpg","jetpack_sharing_enabled":true,"jetpack_likes_enabled":true,"amp_enabled":true,"_links":{"self":[{"href":"https:\/\/encuentroinformativo.com.mx\/index.php?rest_route=\/wp\/v2\/posts\/69630","targetHints":{"allow":["GET"]}}],"collection":[{"href":"https:\/\/encuentroinformativo.com.mx\/index.php?rest_route=\/wp\/v2\/posts"}],"about":[{"href":"https:\/\/encuentroinformativo.com.mx\/index.php?rest_route=\/wp\/v2\/types\/post"}],"author":[{"embeddable":true,"href":"https:\/\/encuentroinformativo.com.mx\/index.php?rest_route=\/wp\/v2\/users\/2476"}],"replies":[{"embeddable":true,"href":"https:\/\/encuentroinformativo.com.mx\/index.php?rest_route=%2Fwp%2Fv2%2Fcomments&post=69630"}],"version-history":[{"count":1,"href":"https:\/\/encuentroinformativo.com.mx\/index.php?rest_route=\/wp\/v2\/posts\/69630\/revisions"}],"predecessor-version":[{"id":69632,"href":"https:\/\/encuentroinformativo.com.mx\/index.php?rest_route=\/wp\/v2\/posts\/69630\/revisions\/69632"}],"wp:featuredmedia":[{"embeddable":true,"href":"https:\/\/encuentroinformativo.com.mx\/index.php?rest_route=\/wp\/v2\/media\/69631"}],"wp:attachment":[{"href":"https:\/\/encuentroinformativo.com.mx\/index.php?rest_route=%2Fwp%2Fv2%2Fmedia&parent=69630"}],"wp:term":[{"taxonomy":"category","embeddable":true,"href":"https:\/\/encuentroinformativo.com.mx\/index.php?rest_route=%2Fwp%2Fv2%2Fcategories&post=69630"},{"taxonomy":"post_tag","embeddable":true,"href":"https:\/\/encuentroinformativo.com.mx\/index.php?rest_route=%2Fwp%2Fv2%2Ftags&post=69630"}],"curies":[{"name":"wp","href":"https:\/\/api.w.org\/{rel}","templated":true}]}}