{"id":69637,"date":"2025-07-28T20:51:14","date_gmt":"2025-07-29T02:51:14","guid":{"rendered":"https:\/\/encuentroinformativo.com.mx\/?p=69637"},"modified":"2025-07-28T20:51:14","modified_gmt":"2025-07-29T02:51:14","slug":"tarifas-seran-modificadas-celebran-taxistas","status":"publish","type":"post","link":"https:\/\/encuentroinformativo.com.mx\/?p=69637","title":{"rendered":"Tarifas ser\u00e1n modificadas, celebran taxistas"},"content":{"rendered":"<p><strong>Dar\u00edo Pale<\/strong><\/p>\n<p>Xalapa, Ver.- L\u00edderes del gremio de taxistas lograron un buen acuerdo con el gobierno del estado, se\u00f1alaron que no se van a respetar las tarifas que public\u00f3 el gobierno del estado, y continuar\u00e1n trabajando como lo ven\u00edan haciendo.<\/p>\n<p>Despues de salir de la reuni\u00f3n con el secretario de gobierno Ricardo Ahued Bardahuil muchos de los l\u00edderes no supieron expresar correctamente lo que hab\u00edan platicado y el acuerdo al que llegaron.<\/p>\n<p>\u201cSe lleg\u00f3 al acuerdo que no se va a respetar el tarifario se va trabajar como se estaba trabajando hace unos d\u00edas acuerdo entre usuario y taxistas porque no se consider\u00f3 algunos factores dentro de los municipios\u201d, comentaron.<\/p>\n<p>\u201cY en las pr\u00f3ximas mesas de trabajo se van a ir tomando en cuenta esos factores para ir actualizando los tarifarios en com\u00fan acuerdo con varias organizaciones de las diferentes regiones para que posteriormente sea algo que no afecte a la sociedad ni al taxista\u201d, agregaron.<\/p>\n<p>Pero debido a que las tarifas ya estaban publicadas se pueden modificar tan r\u00e1pido por lo que en las mesas de trabajo se estar\u00e1n tomando acuerdos y se ir\u00e1n modificando de acuerdo a lo que corresponda a cada municipio.<\/p>\n<p>Finalmente se\u00f1alaron que con las mesas de trabajo se van a ir actualizando las tarifas poco a poco, y estas se llevar\u00e1n a cabo en diferentes fechas.<\/p>\n","protected":false},"excerpt":{"rendered":"<p>Dar\u00edo Pale Xalapa, Ver.- L\u00edderes del gremio de taxistas lograron un buen acuerdo con el gobierno del estado, se\u00f1alaron que no se van a respetar las tarifas que public\u00f3 el gobierno del estado, y continuar\u00e1n trabajando como lo ven\u00edan haciendo. Despues de salir de la reuni\u00f3n con el secretario de gobierno Ricardo Ahued Bardahuil muchos [&hellip;]<\/p>\n","protected":false},"author":2476,"featured_media":69638,"comment_status":"open","ping_status":"open","sticky":false,"template":"","format":"standard","meta":{"_jetpack_memberships_contains_paid_content":false,"footnotes":""},"categories":[3],"tags":[],"class_list":["post-69637","post","type-post","status-publish","format-standard","has-post-thumbnail","hentry","category-xalapa"],"jetpack_featured_media_url":"https:\/\/encuentroinformativo.com.mx\/wp-content\/uploads\/2025\/07\/IMG-20250728-WA0513-scaled.jpg","jetpack_sharing_enabled":true,"jetpack_likes_enabled":true,"amp_enabled":true,"_links":{"self":[{"href":"https:\/\/encuentroinformativo.com.mx\/index.php?rest_route=\/wp\/v2\/posts\/69637","targetHints":{"allow":["GET"]}}],"collection":[{"href":"https:\/\/encuentroinformativo.com.mx\/index.php?rest_route=\/wp\/v2\/posts"}],"about":[{"href":"https:\/\/encuentroinformativo.com.mx\/index.php?rest_route=\/wp\/v2\/types\/post"}],"author":[{"embeddable":true,"href":"https:\/\/encuentroinformativo.com.mx\/index.php?rest_route=\/wp\/v2\/users\/2476"}],"replies":[{"embeddable":true,"href":"https:\/\/encuentroinformativo.com.mx\/index.php?rest_route=%2Fwp%2Fv2%2Fcomments&post=69637"}],"version-history":[{"count":1,"href":"https:\/\/encuentroinformativo.com.mx\/index.php?rest_route=\/wp\/v2\/posts\/69637\/revisions"}],"predecessor-version":[{"id":69639,"href":"https:\/\/encuentroinformativo.com.mx\/index.php?rest_route=\/wp\/v2\/posts\/69637\/revisions\/69639"}],"wp:featuredmedia":[{"embeddable":true,"href":"https:\/\/encuentroinformativo.com.mx\/index.php?rest_route=\/wp\/v2\/media\/69638"}],"wp:attachment":[{"href":"https:\/\/encuentroinformativo.com.mx\/index.php?rest_route=%2Fwp%2Fv2%2Fmedia&parent=69637"}],"wp:term":[{"taxonomy":"category","embeddable":true,"href":"https:\/\/encuentroinformativo.com.mx\/index.php?rest_route=%2Fwp%2Fv2%2Fcategories&post=69637"},{"taxonomy":"post_tag","embeddable":true,"href":"https:\/\/encuentroinformativo.com.mx\/index.php?rest_route=%2Fwp%2Fv2%2Ftags&post=69637"}],"curies":[{"name":"wp","href":"https:\/\/api.w.org\/{rel}","templated":true}]}}